{"id":1799,"date":"2022-06-04T08:37:46","date_gmt":"2022-06-04T07:37:46","guid":{"rendered":"https:\/\/fsg-koesching.de\/?p=1799"},"modified":"2022-06-21T20:35:03","modified_gmt":"2022-06-21T19:35:03","slug":"aktion-von-aldi-gut-fuer-hier-gut-fuers-wir","status":"publish","type":"post","link":"https:\/\/fsg-koesching.de\/?p=1799","title":{"rendered":"Aktion von ALDI: &#8222;Gut f\u00fcr Hier. Gut f\u00fcrs Wir&#8220;"},"content":{"rendered":"\n<h3 class=\"wp-block-heading\">Start der Abstimmphase &#8211; Unterst\u00fctze unsere Sch\u00fctzenjugend mit Deiner Stimme<\/h3>\n\n\n\n<figure class=\"wp-block-gallery has-nested-images columns-default is-cropped wp-block-gallery-1 is-layout-flex wp-block-gallery-is-layout-flex\">\n<figure class=\"wp-block-image size-large\"><a href=\"https:\/\/www.aldi-gutfuerswir.de\/voting-organization\/bayern85092koeschingingolstaedter-strasse-141\/kgl-priv-fsg-koesching\/\"><img loading=\"lazy\" decoding=\"async\" width=\"2484\" height=\"3492\" data-id=\"1766\" src=\"https:\/\/fsg-koesching.de\/wp-content\/uploads\/2022\/06\/plakat_aldi_kampagne_gutfuerswir.png\" alt=\"\" class=\"wp-image-1766\" srcset=\"https:\/\/fsg-koesching.de\/wp-content\/uploads\/2022\/06\/plakat_aldi_kampagne_gutfuerswir.png 2484w, https:\/\/fsg-koesching.de\/wp-content\/uploads\/2022\/06\/plakat_aldi_kampagne_gutfuerswir-213x300.png 213w, https:\/\/fsg-koesching.de\/wp-content\/uploads\/2022\/06\/plakat_aldi_kampagne_gutfuerswir-728x1024.png 728w, https:\/\/fsg-koesching.de\/wp-content\/uploads\/2022\/06\/plakat_aldi_kampagne_gutfuerswir-768x1080.png 768w, https:\/\/fsg-koesching.de\/wp-content\/uploads\/2022\/06\/plakat_aldi_kampagne_gutfuerswir-1093x1536.png 1093w, https:\/\/fsg-koesching.de\/wp-content\/uploads\/2022\/06\/plakat_aldi_kampagne_gutfuerswir-1457x2048.png 1457w, https:\/\/fsg-koesching.de\/wp-content\/uploads\/2022\/06\/plakat_aldi_kampagne_gutfuerswir-1200x1687.png 1200w, https:\/\/fsg-koesching.de\/wp-content\/uploads\/2022\/06\/plakat_aldi_kampagne_gutfuerswir-1400x1968.png 1400w, https:\/\/fsg-koesching.de\/wp-content\/uploads\/2022\/06\/plakat_aldi_kampagne_gutfuerswir-300x422.png 300w\" sizes=\"auto, (max-width: 2484px) 100vw, 2484px\" \/><\/a><\/figure>\n\n\n\n<figure class=\"wp-block-image size-large\"><a href=\"https:\/\/www.aldi-gutfuerswir.de\/voting-organization\/bayern85092koeschingingolstaedter-strasse-141\/kgl-priv-fsg-koesching\/\"><img loading=\"lazy\" decoding=\"async\" width=\"1080\" height=\"1350\" data-id=\"1781\" src=\"https:\/\/fsg-koesching.de\/wp-content\/uploads\/2022\/06\/5662b3dc8ede.png\" alt=\"\" class=\"wp-image-1781\" srcset=\"https:\/\/fsg-koesching.de\/wp-content\/uploads\/2022\/06\/5662b3dc8ede.png 1080w, https:\/\/fsg-koesching.de\/wp-content\/uploads\/2022\/06\/5662b3dc8ede-240x300.png 240w, https:\/\/fsg-koesching.de\/wp-content\/uploads\/2022\/06\/5662b3dc8ede-819x1024.png 819w, https:\/\/fsg-koesching.de\/wp-content\/uploads\/2022\/06\/5662b3dc8ede-768x960.png 768w, https:\/\/fsg-koesching.de\/wp-content\/uploads\/2022\/06\/5662b3dc8ede-300x375.png 300w\" sizes=\"auto, (max-width: 1080px) 100vw, 1080px\" \/><\/a><\/figure>\n<\/figure>\n\n\n\n<p>Unter folgendem Link zur Unterst\u00fctzung unserer Sch\u00fctzenjugend Deine Stimme abgeben: <a href=\"https:\/\/www.aldi-gutfuerswir.de\/voting-organization\/bayern85092koeschingingolstaedter-strasse-141\/kgl-priv-fsg-koesching\/\">https:\/\/www.aldi-gutfuerswir.de\/voting-organization\/bayern85092koeschingingolstaedter-strasse-141\/kgl-priv-fsg-koesching\/<\/a><\/p>\n","protected":false},"excerpt":{"rendered":"<p>Start der Abstimmphase &#8211; Unterst\u00fctze unsere Sch\u00fctzenjugend mit Deiner Stimme Unter folgendem Link zur Unterst\u00fctzung unserer Sch\u00fctzenjugend Deine Stimme abgeben: https:\/\/www.aldi-gutfuerswir.de\/voting-organization\/bayern85092koeschingingolstaedter-strasse-141\/kgl-priv-fsg-koesching\/<\/p>\n","protected":false},"author":3,"featured_media":0,"comment_status":"closed","ping_status":"closed","sticky":false,"template":"","format":"standard","meta":{"footnotes":""},"categories":[4],"tags":[],"class_list":{"0":"post-1799","1":"post","2":"type-post","3":"status-publish","4":"format-standard","5":"hentry","6":"category-allgemeines","8":"without-featured-image"},"yoast_head":"<!-- This site is optimized with the Yoast SEO plugin v27.4 - https:\/\/yoast.com\/product\/yoast-seo-wordpress\/ -->\n<title>Aktion von ALDI: &quot;Gut f\u00fcr Hier. Gut f\u00fcrs Wir&quot; &#187; Kgl. priv. FSG K\u00f6sching<\/title>\n<meta name=\"robots\" content=\"index, follow, max-snippet:-1, max-image-preview:large, max-video-preview:-1\" \/>\n<link rel=\"canonical\" href=\"https:\/\/fsg-koesching.de\/?p=1799\" \/>\n<meta property=\"og:locale\" content=\"de_DE\" \/>\n<meta property=\"og:type\" content=\"article\" \/>\n<meta property=\"og:title\" content=\"Aktion von ALDI: &quot;Gut f\u00fcr Hier. Gut f\u00fcrs Wir&quot; &#187; Kgl. priv. FSG K\u00f6sching\" \/>\n<meta property=\"og:description\" content=\"Start der Abstimmphase &#8211; Unterst\u00fctze unsere Sch\u00fctzenjugend mit Deiner Stimme Unter folgendem Link zur Unterst\u00fctzung unserer Sch\u00fctzenjugend Deine Stimme abgeben: https:\/\/www.aldi-gutfuerswir.de\/voting-organization\/bayern85092koeschingingolstaedter-strasse-141\/kgl-priv-fsg-koesching\/\" \/>\n<meta property=\"og:url\" content=\"https:\/\/fsg-koesching.de\/?p=1799\" \/>\n<meta property=\"og:site_name\" content=\"Kgl. priv. FSG K\u00f6sching\" \/>\n<meta property=\"article:published_time\" content=\"2022-06-04T07:37:46+00:00\" \/>\n<meta property=\"article:modified_time\" content=\"2022-06-21T19:35:03+00:00\" \/>\n<meta property=\"og:image\" content=\"https:\/\/fsg-koesching.de\/wp-content\/uploads\/2022\/06\/plakat_aldi_kampagne_gutfuerswir.png\" \/>\n<meta name=\"author\" content=\"Jugendtrainer\" \/>\n<meta name=\"twitter:card\" content=\"summary_large_image\" \/>\n<meta name=\"twitter:label1\" content=\"Verfasst von\" \/>\n\t<meta name=\"twitter:data1\" content=\"Jugendtrainer\" \/>\n\t<meta name=\"twitter:label2\" content=\"Gesch\u00e4tzte Lesezeit\" \/>\n\t<meta name=\"twitter:data2\" content=\"1\u00a0Minute\" \/>\n<script type=\"application\/ld+json\" class=\"yoast-schema-graph\">{\"@context\":\"https:\\\/\\\/schema.org\",\"@graph\":[{\"@type\":\"Article\",\"@id\":\"https:\\\/\\\/fsg-koesching.de\\\/?p=1799#article\",\"isPartOf\":{\"@id\":\"https:\\\/\\\/fsg-koesching.de\\\/?p=1799\"},\"author\":{\"name\":\"Jugendtrainer\",\"@id\":\"https:\\\/\\\/fsg-koesching.de\\\/#\\\/schema\\\/person\\\/fec5c0efd5af136f8cd6ef7a000cf1b7\"},\"headline\":\"Aktion von ALDI: &#8222;Gut f\u00fcr Hier. Gut f\u00fcrs Wir&#8220;\",\"datePublished\":\"2022-06-04T07:37:46+00:00\",\"dateModified\":\"2022-06-21T19:35:03+00:00\",\"mainEntityOfPage\":{\"@id\":\"https:\\\/\\\/fsg-koesching.de\\\/?p=1799\"},\"wordCount\":43,\"publisher\":{\"@id\":\"https:\\\/\\\/fsg-koesching.de\\\/#organization\"},\"image\":{\"@id\":\"https:\\\/\\\/fsg-koesching.de\\\/?p=1799#primaryimage\"},\"thumbnailUrl\":\"https:\\\/\\\/fsg-koesching.de\\\/wp-content\\\/uploads\\\/2022\\\/06\\\/plakat_aldi_kampagne_gutfuerswir.png\",\"articleSection\":[\"Allgemeines\"],\"inLanguage\":\"de\"},{\"@type\":\"WebPage\",\"@id\":\"https:\\\/\\\/fsg-koesching.de\\\/?p=1799\",\"url\":\"https:\\\/\\\/fsg-koesching.de\\\/?p=1799\",\"name\":\"Aktion von ALDI: \\\"Gut f\u00fcr Hier. Gut f\u00fcrs Wir\\\" &#187; Kgl. priv. FSG K\u00f6sching\",\"isPartOf\":{\"@id\":\"https:\\\/\\\/fsg-koesching.de\\\/#website\"},\"primaryImageOfPage\":{\"@id\":\"https:\\\/\\\/fsg-koesching.de\\\/?p=1799#primaryimage\"},\"image\":{\"@id\":\"https:\\\/\\\/fsg-koesching.de\\\/?p=1799#primaryimage\"},\"thumbnailUrl\":\"https:\\\/\\\/fsg-koesching.de\\\/wp-content\\\/uploads\\\/2022\\\/06\\\/plakat_aldi_kampagne_gutfuerswir.png\",\"datePublished\":\"2022-06-04T07:37:46+00:00\",\"dateModified\":\"2022-06-21T19:35:03+00:00\",\"breadcrumb\":{\"@id\":\"https:\\\/\\\/fsg-koesching.de\\\/?p=1799#breadcrumb\"},\"inLanguage\":\"de\",\"potentialAction\":[{\"@type\":\"ReadAction\",\"target\":[\"https:\\\/\\\/fsg-koesching.de\\\/?p=1799\"]}]},{\"@type\":\"ImageObject\",\"inLanguage\":\"de\",\"@id\":\"https:\\\/\\\/fsg-koesching.de\\\/?p=1799#primaryimage\",\"url\":\"https:\\\/\\\/fsg-koesching.de\\\/wp-content\\\/uploads\\\/2022\\\/06\\\/plakat_aldi_kampagne_gutfuerswir.png\",\"contentUrl\":\"https:\\\/\\\/fsg-koesching.de\\\/wp-content\\\/uploads\\\/2022\\\/06\\\/plakat_aldi_kampagne_gutfuerswir.png\",\"width\":2484,\"height\":3492},{\"@type\":\"BreadcrumbList\",\"@id\":\"https:\\\/\\\/fsg-koesching.de\\\/?p=1799#breadcrumb\",\"itemListElement\":[{\"@type\":\"ListItem\",\"position\":1,\"name\":\"Home\",\"item\":\"https:\\\/\\\/fsg-koesching.de\\\/\"},{\"@type\":\"ListItem\",\"position\":2,\"name\":\"Aktion von ALDI: &#8222;Gut f\u00fcr Hier. Gut f\u00fcrs Wir&#8220;\"}]},{\"@type\":\"WebSite\",\"@id\":\"https:\\\/\\\/fsg-koesching.de\\\/#website\",\"url\":\"https:\\\/\\\/fsg-koesching.de\\\/\",\"name\":\"Kgl. priv. FSG K\u00f6sching\",\"description\":\"gegr\u00fcndet 1553\",\"publisher\":{\"@id\":\"https:\\\/\\\/fsg-koesching.de\\\/#organization\"},\"potentialAction\":[{\"@type\":\"SearchAction\",\"target\":{\"@type\":\"EntryPoint\",\"urlTemplate\":\"https:\\\/\\\/fsg-koesching.de\\\/?s={search_term_string}\"},\"query-input\":{\"@type\":\"PropertyValueSpecification\",\"valueRequired\":true,\"valueName\":\"search_term_string\"}}],\"inLanguage\":\"de\"},{\"@type\":\"Organization\",\"@id\":\"https:\\\/\\\/fsg-koesching.de\\\/#organization\",\"name\":\"Kgl. priv. FSG K\u00f6sching\",\"url\":\"https:\\\/\\\/fsg-koesching.de\\\/\",\"logo\":{\"@type\":\"ImageObject\",\"inLanguage\":\"de\",\"@id\":\"https:\\\/\\\/fsg-koesching.de\\\/#\\\/schema\\\/logo\\\/image\\\/\",\"url\":\"https:\\\/\\\/fsg-koesching.de\\\/wp-content\\\/uploads\\\/2018\\\/09\\\/FSG-LG-Logo-neu-aussen-trans.gif\",\"contentUrl\":\"https:\\\/\\\/fsg-koesching.de\\\/wp-content\\\/uploads\\\/2018\\\/09\\\/FSG-LG-Logo-neu-aussen-trans.gif\",\"width\":830,\"height\":865,\"caption\":\"Kgl. priv. FSG K\u00f6sching\"},\"image\":{\"@id\":\"https:\\\/\\\/fsg-koesching.de\\\/#\\\/schema\\\/logo\\\/image\\\/\"}},{\"@type\":\"Person\",\"@id\":\"https:\\\/\\\/fsg-koesching.de\\\/#\\\/schema\\\/person\\\/fec5c0efd5af136f8cd6ef7a000cf1b7\",\"name\":\"Jugendtrainer\",\"description\":\"Wir sind die Jugendtrainer.\",\"url\":\"https:\\\/\\\/fsg-koesching.de\\\/?author=3\"}]}<\/script>\n<!-- \/ Yoast SEO plugin. -->","yoast_head_json":{"title":"Aktion von ALDI: \"Gut f\u00fcr Hier. Gut f\u00fcrs Wir\" &#187; Kgl. priv. FSG K\u00f6sching","robots":{"index":"index","follow":"follow","max-snippet":"max-snippet:-1","max-image-preview":"max-image-preview:large","max-video-preview":"max-video-preview:-1"},"canonical":"https:\/\/fsg-koesching.de\/?p=1799","og_locale":"de_DE","og_type":"article","og_title":"Aktion von ALDI: \"Gut f\u00fcr Hier. Gut f\u00fcrs Wir\" &#187; Kgl. priv. FSG K\u00f6sching","og_description":"Start der Abstimmphase &#8211; Unterst\u00fctze unsere Sch\u00fctzenjugend mit Deiner Stimme Unter folgendem Link zur Unterst\u00fctzung unserer Sch\u00fctzenjugend Deine Stimme abgeben: https:\/\/www.aldi-gutfuerswir.de\/voting-organization\/bayern85092koeschingingolstaedter-strasse-141\/kgl-priv-fsg-koesching\/","og_url":"https:\/\/fsg-koesching.de\/?p=1799","og_site_name":"Kgl. priv. FSG K\u00f6sching","article_published_time":"2022-06-04T07:37:46+00:00","article_modified_time":"2022-06-21T19:35:03+00:00","og_image":[{"url":"https:\/\/fsg-koesching.de\/wp-content\/uploads\/2022\/06\/plakat_aldi_kampagne_gutfuerswir.png","type":"","width":"","height":""}],"author":"Jugendtrainer","twitter_card":"summary_large_image","twitter_misc":{"Verfasst von":"Jugendtrainer","Gesch\u00e4tzte Lesezeit":"1\u00a0Minute"},"schema":{"@context":"https:\/\/schema.org","@graph":[{"@type":"Article","@id":"https:\/\/fsg-koesching.de\/?p=1799#article","isPartOf":{"@id":"https:\/\/fsg-koesching.de\/?p=1799"},"author":{"name":"Jugendtrainer","@id":"https:\/\/fsg-koesching.de\/#\/schema\/person\/fec5c0efd5af136f8cd6ef7a000cf1b7"},"headline":"Aktion von ALDI: &#8222;Gut f\u00fcr Hier. Gut f\u00fcrs Wir&#8220;","datePublished":"2022-06-04T07:37:46+00:00","dateModified":"2022-06-21T19:35:03+00:00","mainEntityOfPage":{"@id":"https:\/\/fsg-koesching.de\/?p=1799"},"wordCount":43,"publisher":{"@id":"https:\/\/fsg-koesching.de\/#organization"},"image":{"@id":"https:\/\/fsg-koesching.de\/?p=1799#primaryimage"},"thumbnailUrl":"https:\/\/fsg-koesching.de\/wp-content\/uploads\/2022\/06\/plakat_aldi_kampagne_gutfuerswir.png","articleSection":["Allgemeines"],"inLanguage":"de"},{"@type":"WebPage","@id":"https:\/\/fsg-koesching.de\/?p=1799","url":"https:\/\/fsg-koesching.de\/?p=1799","name":"Aktion von ALDI: \"Gut f\u00fcr Hier. Gut f\u00fcrs Wir\" &#187; Kgl. priv. FSG K\u00f6sching","isPartOf":{"@id":"https:\/\/fsg-koesching.de\/#website"},"primaryImageOfPage":{"@id":"https:\/\/fsg-koesching.de\/?p=1799#primaryimage"},"image":{"@id":"https:\/\/fsg-koesching.de\/?p=1799#primaryimage"},"thumbnailUrl":"https:\/\/fsg-koesching.de\/wp-content\/uploads\/2022\/06\/plakat_aldi_kampagne_gutfuerswir.png","datePublished":"2022-06-04T07:37:46+00:00","dateModified":"2022-06-21T19:35:03+00:00","breadcrumb":{"@id":"https:\/\/fsg-koesching.de\/?p=1799#breadcrumb"},"inLanguage":"de","potentialAction":[{"@type":"ReadAction","target":["https:\/\/fsg-koesching.de\/?p=1799"]}]},{"@type":"ImageObject","inLanguage":"de","@id":"https:\/\/fsg-koesching.de\/?p=1799#primaryimage","url":"https:\/\/fsg-koesching.de\/wp-content\/uploads\/2022\/06\/plakat_aldi_kampagne_gutfuerswir.png","contentUrl":"https:\/\/fsg-koesching.de\/wp-content\/uploads\/2022\/06\/plakat_aldi_kampagne_gutfuerswir.png","width":2484,"height":3492},{"@type":"BreadcrumbList","@id":"https:\/\/fsg-koesching.de\/?p=1799#breadcrumb","itemListElement":[{"@type":"ListItem","position":1,"name":"Home","item":"https:\/\/fsg-koesching.de\/"},{"@type":"ListItem","position":2,"name":"Aktion von ALDI: &#8222;Gut f\u00fcr Hier. Gut f\u00fcrs Wir&#8220;"}]},{"@type":"WebSite","@id":"https:\/\/fsg-koesching.de\/#website","url":"https:\/\/fsg-koesching.de\/","name":"Kgl. priv. FSG K\u00f6sching","description":"gegr\u00fcndet 1553","publisher":{"@id":"https:\/\/fsg-koesching.de\/#organization"},"potentialAction":[{"@type":"SearchAction","target":{"@type":"EntryPoint","urlTemplate":"https:\/\/fsg-koesching.de\/?s={search_term_string}"},"query-input":{"@type":"PropertyValueSpecification","valueRequired":true,"valueName":"search_term_string"}}],"inLanguage":"de"},{"@type":"Organization","@id":"https:\/\/fsg-koesching.de\/#organization","name":"Kgl. priv. FSG K\u00f6sching","url":"https:\/\/fsg-koesching.de\/","logo":{"@type":"ImageObject","inLanguage":"de","@id":"https:\/\/fsg-koesching.de\/#\/schema\/logo\/image\/","url":"https:\/\/fsg-koesching.de\/wp-content\/uploads\/2018\/09\/FSG-LG-Logo-neu-aussen-trans.gif","contentUrl":"https:\/\/fsg-koesching.de\/wp-content\/uploads\/2018\/09\/FSG-LG-Logo-neu-aussen-trans.gif","width":830,"height":865,"caption":"Kgl. priv. FSG K\u00f6sching"},"image":{"@id":"https:\/\/fsg-koesching.de\/#\/schema\/logo\/image\/"}},{"@type":"Person","@id":"https:\/\/fsg-koesching.de\/#\/schema\/person\/fec5c0efd5af136f8cd6ef7a000cf1b7","name":"Jugendtrainer","description":"Wir sind die Jugendtrainer.","url":"https:\/\/fsg-koesching.de\/?author=3"}]}},"_links":{"self":[{"href":"https:\/\/fsg-koesching.de\/index.php?rest_route=\/wp\/v2\/posts\/1799","targetHints":{"allow":["GET"]}}],"collection":[{"href":"https:\/\/fsg-koesching.de\/index.php?rest_route=\/wp\/v2\/posts"}],"about":[{"href":"https:\/\/fsg-koesching.de\/index.php?rest_route=\/wp\/v2\/types\/post"}],"author":[{"embeddable":true,"href":"https:\/\/fsg-koesching.de\/index.php?rest_route=\/wp\/v2\/users\/3"}],"replies":[{"embeddable":true,"href":"https:\/\/fsg-koesching.de\/index.php?rest_route=%2Fwp%2Fv2%2Fcomments&post=1799"}],"version-history":[{"count":5,"href":"https:\/\/fsg-koesching.de\/index.php?rest_route=\/wp\/v2\/posts\/1799\/revisions"}],"predecessor-version":[{"id":1817,"href":"https:\/\/fsg-koesching.de\/index.php?rest_route=\/wp\/v2\/posts\/1799\/revisions\/1817"}],"wp:attachment":[{"href":"https:\/\/fsg-koesching.de\/index.php?rest_route=%2Fwp%2Fv2%2Fmedia&parent=1799"}],"wp:term":[{"taxonomy":"category","embeddable":true,"href":"https:\/\/fsg-koesching.de\/index.php?rest_route=%2Fwp%2Fv2%2Fcategories&post=1799"},{"taxonomy":"post_tag","embeddable":true,"href":"https:\/\/fsg-koesching.de\/index.php?rest_route=%2Fwp%2Fv2%2Ftags&post=1799"}],"curies":[{"name":"wp","href":"https:\/\/api.w.org\/{rel}","templated":true}]}}