{"id":210,"date":"2019-03-08T15:22:02","date_gmt":"2019-03-08T14:22:02","guid":{"rendered":"https:\/\/fsg-koesching.de\/?p=210"},"modified":"2021-07-29T07:46:05","modified_gmt":"2021-07-29T06:46:05","slug":"p210","status":"publish","type":"post","link":"https:\/\/fsg-koesching.de\/?p=210","title":{"rendered":"Begeisterung beim Ferienschie\u00dfen der FSG K\u00f6sching"},"content":{"rendered":"\n<p class=\"has-text-align-center\"><em>(Dieser Bericht ist ein Nachtrag aus 2018.)<\/em><\/p>\n\n\n\n<div class=\"wp-block-image\"><figure class=\"aligncenter\"><img loading=\"lazy\" decoding=\"async\" width=\"482\" height=\"361\" src=\"https:\/\/fsg-koesching.de\/wp-content\/uploads\/2019\/03\/Ferienschie\u00dfen1.png\" alt=\"\" class=\"wp-image-211\" srcset=\"https:\/\/fsg-koesching.de\/wp-content\/uploads\/2019\/03\/Ferienschie\u00dfen1.png 482w, https:\/\/fsg-koesching.de\/wp-content\/uploads\/2019\/03\/Ferienschie\u00dfen1-300x225.png 300w\" sizes=\"auto, (max-width: 482px) 100vw, 482px\" \/><\/figure><\/div>\n\n\n\n<p>Das Ferienschie\u00dfen der Feuersch\u00fctzengesellschaft K\u00f6sching im Rahmen des K\u00f6schinger Ferienpasses fand wieder gro\u00dfen Anklang bei K\u00f6schings Nachwuchs. Bei den Kursen beteiligten sich mit gro\u00dfem Eifer 30 Nachwuchssch\u00fctzen im Sch\u00fctzenheim am Weidhausberg. Hierbei traten alle Teilnehmer mit Lichtgewehren an.<\/p>\n\n\n\n<div class=\"wp-block-image\"><figure class=\"aligncenter\"><img loading=\"lazy\" decoding=\"async\" width=\"482\" height=\"361\" src=\"https:\/\/fsg-koesching.de\/wp-content\/uploads\/2019\/03\/Ferienschie\u00dfen2.png\" alt=\"\" class=\"wp-image-212\" srcset=\"https:\/\/fsg-koesching.de\/wp-content\/uploads\/2019\/03\/Ferienschie\u00dfen2.png 482w, https:\/\/fsg-koesching.de\/wp-content\/uploads\/2019\/03\/Ferienschie\u00dfen2-300x225.png 300w\" sizes=\"auto, (max-width: 482px) 100vw, 482px\" \/><\/figure><\/div>\n\n\n\n<p>Unter Betreuung der Jugendsportleiter Florian und Stefan Kasper wurden nach einer Sicherheitsbelehrung und der Einweisung in die Sportger\u00e4te verschiedene Schie\u00dfspiele und ein Wertungsschie\u00dfen durchgef\u00fchrt. Bei den 7- bis 9-j\u00e4hrigen entschied Theresa Weber die Wertung mit 13 Treffern von 15 m\u00f6glichen vor Eric Lochner und Julian Herzog mit je 12 Treffern f\u00fcr sich. Bei K\u00f6schings M\u00e4dchen bewies Johanna Herzog ihre Treffsicherheit mit 14 Treffern vor Anna Enders mit 13 Treffern und Antonia Nachtmann mit 12 Treffern. In der Klasse der \u00fcber 9-j\u00e4hrigen belegte Paul Enders mit 15 Treffern den 1. Platz gefolgt von Melvin Julius <em>(14 Treffer)<\/em> und Jakub Nachtmann <em>(11 Treffer)<\/em>. Die Teilnehmer wurden mit Pokalen, Urkunden und Plakaten von internationalen Spitzenathleten belohnt. Daneben wurden den Nachwuchssch\u00fctzen die Aktivit\u00e4ten der Jugendgruppe und die Vielf\u00e4ltigkeit des Sportschie\u00dfens vorgestellt.<\/p>\n\n\n\n<div class=\"wp-block-image\"><figure class=\"aligncenter\"><img loading=\"lazy\" decoding=\"async\" width=\"482\" height=\"362\" src=\"https:\/\/fsg-koesching.de\/wp-content\/uploads\/2019\/03\/Ferienschie\u00dfen3.png\" alt=\"\" class=\"wp-image-213\" srcset=\"https:\/\/fsg-koesching.de\/wp-content\/uploads\/2019\/03\/Ferienschie\u00dfen3.png 482w, https:\/\/fsg-koesching.de\/wp-content\/uploads\/2019\/03\/Ferienschie\u00dfen3-300x225.png 300w\" sizes=\"auto, (max-width: 482px) 100vw, 482px\" \/><\/figure><\/div>\n\n\n\n<p>Die FSG K\u00f6sching w\u00fcrde sich auch weiterhin freuen, interessierte Kinder und Jugendliche im Alter von 7 bis 16 Jahren beim speziell f\u00fcr Jungsch\u00fctzen eingerichteten Freitagstraining<br>von 17:30 Uhr bis 19:00 Uhr zu einem Schnuppertraining begr\u00fc\u00dfen zu d\u00fcrfen. Zu diesen \u00dcbungsstunden stehen 3 Trainer und neu beschaffte, moderne Licht- und Luftgewehre f\u00fcr die F\u00f6rderung des Nachwuchses bereit. Damit aber die Abwechslung und der Spa\u00df nicht zu kurz kommen, geh\u00f6ren auch vielf\u00e4ltige Freizeitaktivit\u00e4ten, wie beispielsweise ein Besuch im Klettergarten oder ein Schie\u00dfen auf der Olympiaschie\u00dfanlage in M\u00fcnchen zum j\u00e4hrlichen Programm.<br><br>Wessen Interesse geweckt wurde, darf gerne bei der FSG K\u00f6sching in der Weidhausstra\u00dfe 22 in der N\u00e4he des Freibades vorbeischauen.<\/p>\n\n\n\n<div class=\"wp-block-columns is-layout-flex wp-container-core-columns-is-layout-9d6595d7 wp-block-columns-is-layout-flex\">\n<div class=\"wp-block-column is-layout-flow wp-block-column-is-layout-flow\" style=\"flex-basis:100%\">\n<figure class=\"wp-block-video\"><video height=\"480\" style=\"aspect-ratio: 854 \/ 480;\" width=\"854\" autoplay controls poster=\"https:\/\/fsg-koesching.de\/wp-content\/uploads\/2021\/05\/image-4.png\" preload=\"auto\" src=\"https:\/\/fsg-koesching.de\/wp-content\/uploads\/2021\/07\/Koesching-Ferienschiessen-2018-Mittel.mov\"><\/video><figcaption><em>Ferienschie\u00dfen der FSG K\u00f6sching 2018<\/em><\/figcaption><\/figure>\n<\/div>\n<\/div>\n\n\n\n<p><\/p>\n","protected":false},"excerpt":{"rendered":"<p>(Dieser Bericht ist ein Nachtrag aus 2018.) Das Ferienschie\u00dfen der Feuersch\u00fctzengesellschaft K\u00f6sching im Rahmen des K\u00f6schinger Ferienpasses fand wieder gro\u00dfen Anklang bei K\u00f6schings Nachwuchs. Bei den Kursen beteiligten sich mit gro\u00dfem Eifer 30 Nachwuchssch\u00fctzen im Sch\u00fctzenheim am Weidhausberg. Hierbei traten alle Teilnehmer mit Lichtgewehren an. Unter Betreuung der Jugendsportleiter Florian und Stefan Kasper wurden nach &hellip;<\/p>\n","protected":false},"author":1,"featured_media":0,"comment_status":"closed","ping_status":"closed","sticky":false,"template":"","format":"standard","meta":{"footnotes":""},"categories":[5],"tags":[],"class_list":{"0":"post-210","1":"post","2":"type-post","3":"status-publish","4":"format-standard","5":"hentry","6":"category-jugend","8":"without-featured-image"},"yoast_head":"<!-- This site is optimized with the Yoast SEO plugin v27.4 - https:\/\/yoast.com\/product\/yoast-seo-wordpress\/ -->\n<title>Begeisterung beim Ferienschie\u00dfen der FSG K\u00f6sching &#187; Kgl. priv. FSG K\u00f6sching<\/title>\n<meta name=\"description\" content=\"Das Ferienschie\u00dfen der Feuersch\u00fctzengesellschaft K\u00f6sching im Rahmen des K\u00f6schinger Ferienpasses fand wieder gro\u00dfen Anklang bei K\u00f6schings Nachwuchs.\" \/>\n<meta name=\"robots\" content=\"index, follow, max-snippet:-1, max-image-preview:large, max-video-preview:-1\" \/>\n<link rel=\"canonical\" href=\"https:\/\/fsg-koesching.de\/?p=210\" \/>\n<meta property=\"og:locale\" content=\"de_DE\" \/>\n<meta property=\"og:type\" content=\"article\" \/>\n<meta property=\"og:title\" content=\"Begeisterung beim Ferienschie\u00dfen der FSG K\u00f6sching &#187; Kgl. priv. FSG K\u00f6sching\" \/>\n<meta property=\"og:description\" content=\"Das Ferienschie\u00dfen der Feuersch\u00fctzengesellschaft K\u00f6sching im Rahmen des K\u00f6schinger Ferienpasses fand wieder gro\u00dfen Anklang bei K\u00f6schings Nachwuchs.\" \/>\n<meta property=\"og:url\" content=\"https:\/\/fsg-koesching.de\/?p=210\" \/>\n<meta property=\"og:site_name\" content=\"Kgl. priv. FSG K\u00f6sching\" \/>\n<meta property=\"article:published_time\" content=\"2019-03-08T14:22:02+00:00\" \/>\n<meta property=\"article:modified_time\" content=\"2021-07-29T06:46:05+00:00\" \/>\n<meta property=\"og:image\" content=\"https:\/\/fsg-koesching.de\/wp-content\/uploads\/2019\/03\/Ferienschie\u00dfen1.png\" \/>\n<meta name=\"author\" content=\"Gabriel Pendelin\" \/>\n<meta name=\"twitter:card\" content=\"summary_large_image\" \/>\n<meta name=\"twitter:label1\" content=\"Verfasst von\" \/>\n\t<meta name=\"twitter:data1\" content=\"Gabriel Pendelin\" \/>\n\t<meta name=\"twitter:label2\" content=\"Gesch\u00e4tzte Lesezeit\" \/>\n\t<meta name=\"twitter:data2\" content=\"2\u00a0Minuten\" \/>\n<script type=\"application\/ld+json\" class=\"yoast-schema-graph\">{\"@context\":\"https:\\\/\\\/schema.org\",\"@graph\":[{\"@type\":\"Article\",\"@id\":\"https:\\\/\\\/fsg-koesching.de\\\/?p=210#article\",\"isPartOf\":{\"@id\":\"https:\\\/\\\/fsg-koesching.de\\\/?p=210\"},\"author\":{\"name\":\"Gabriel Pendelin\",\"@id\":\"https:\\\/\\\/fsg-koesching.de\\\/#\\\/schema\\\/person\\\/6aa6b975f20780ab47048cc815c1ccc8\"},\"headline\":\"Begeisterung beim Ferienschie\u00dfen der FSG K\u00f6sching\",\"datePublished\":\"2019-03-08T14:22:02+00:00\",\"dateModified\":\"2021-07-29T06:46:05+00:00\",\"mainEntityOfPage\":{\"@id\":\"https:\\\/\\\/fsg-koesching.de\\\/?p=210\"},\"wordCount\":316,\"publisher\":{\"@id\":\"https:\\\/\\\/fsg-koesching.de\\\/#organization\"},\"articleSection\":[\"Jugend\"],\"inLanguage\":\"de\"},{\"@type\":\"WebPage\",\"@id\":\"https:\\\/\\\/fsg-koesching.de\\\/?p=210\",\"url\":\"https:\\\/\\\/fsg-koesching.de\\\/?p=210\",\"name\":\"Begeisterung beim Ferienschie\u00dfen der FSG K\u00f6sching &#187; Kgl. priv. FSG K\u00f6sching\",\"isPartOf\":{\"@id\":\"https:\\\/\\\/fsg-koesching.de\\\/#website\"},\"datePublished\":\"2019-03-08T14:22:02+00:00\",\"dateModified\":\"2021-07-29T06:46:05+00:00\",\"description\":\"Das Ferienschie\u00dfen der Feuersch\u00fctzengesellschaft K\u00f6sching im Rahmen des K\u00f6schinger Ferienpasses fand wieder gro\u00dfen Anklang bei K\u00f6schings Nachwuchs.\",\"breadcrumb\":{\"@id\":\"https:\\\/\\\/fsg-koesching.de\\\/?p=210#breadcrumb\"},\"inLanguage\":\"de\",\"potentialAction\":[{\"@type\":\"ReadAction\",\"target\":[\"https:\\\/\\\/fsg-koesching.de\\\/?p=210\"]}]},{\"@type\":\"BreadcrumbList\",\"@id\":\"https:\\\/\\\/fsg-koesching.de\\\/?p=210#breadcrumb\",\"itemListElement\":[{\"@type\":\"ListItem\",\"position\":1,\"name\":\"Home\",\"item\":\"https:\\\/\\\/fsg-koesching.de\\\/\"},{\"@type\":\"ListItem\",\"position\":2,\"name\":\"Begeisterung beim Ferienschie\u00dfen der FSG K\u00f6sching\"}]},{\"@type\":\"WebSite\",\"@id\":\"https:\\\/\\\/fsg-koesching.de\\\/#website\",\"url\":\"https:\\\/\\\/fsg-koesching.de\\\/\",\"name\":\"Kgl. priv. FSG K\u00f6sching\",\"description\":\"gegr\u00fcndet 1553\",\"publisher\":{\"@id\":\"https:\\\/\\\/fsg-koesching.de\\\/#organization\"},\"potentialAction\":[{\"@type\":\"SearchAction\",\"target\":{\"@type\":\"EntryPoint\",\"urlTemplate\":\"https:\\\/\\\/fsg-koesching.de\\\/?s={search_term_string}\"},\"query-input\":{\"@type\":\"PropertyValueSpecification\",\"valueRequired\":true,\"valueName\":\"search_term_string\"}}],\"inLanguage\":\"de\"},{\"@type\":\"Organization\",\"@id\":\"https:\\\/\\\/fsg-koesching.de\\\/#organization\",\"name\":\"Kgl. priv. FSG K\u00f6sching\",\"url\":\"https:\\\/\\\/fsg-koesching.de\\\/\",\"logo\":{\"@type\":\"ImageObject\",\"inLanguage\":\"de\",\"@id\":\"https:\\\/\\\/fsg-koesching.de\\\/#\\\/schema\\\/logo\\\/image\\\/\",\"url\":\"https:\\\/\\\/fsg-koesching.de\\\/wp-content\\\/uploads\\\/2018\\\/09\\\/FSG-LG-Logo-neu-aussen-trans.gif\",\"contentUrl\":\"https:\\\/\\\/fsg-koesching.de\\\/wp-content\\\/uploads\\\/2018\\\/09\\\/FSG-LG-Logo-neu-aussen-trans.gif\",\"width\":830,\"height\":865,\"caption\":\"Kgl. priv. FSG K\u00f6sching\"},\"image\":{\"@id\":\"https:\\\/\\\/fsg-koesching.de\\\/#\\\/schema\\\/logo\\\/image\\\/\"}},{\"@type\":\"Person\",\"@id\":\"https:\\\/\\\/fsg-koesching.de\\\/#\\\/schema\\\/person\\\/6aa6b975f20780ab47048cc815c1ccc8\",\"name\":\"Gabriel Pendelin\",\"description\":\"Ich bin der Webmaster und Referent f\u00fcr IT. Zudem war ich selbst lange ein aktiver Wettkampf-Sch\u00fctze in LG 40 stehend.\",\"url\":\"https:\\\/\\\/fsg-koesching.de\\\/?author=1\"}]}<\/script>\n<!-- \/ Yoast SEO plugin. -->","yoast_head_json":{"title":"Begeisterung beim Ferienschie\u00dfen der FSG K\u00f6sching &#187; Kgl. priv. FSG K\u00f6sching","description":"Das Ferienschie\u00dfen der Feuersch\u00fctzengesellschaft K\u00f6sching im Rahmen des K\u00f6schinger Ferienpasses fand wieder gro\u00dfen Anklang bei K\u00f6schings Nachwuchs.","robots":{"index":"index","follow":"follow","max-snippet":"max-snippet:-1","max-image-preview":"max-image-preview:large","max-video-preview":"max-video-preview:-1"},"canonical":"https:\/\/fsg-koesching.de\/?p=210","og_locale":"de_DE","og_type":"article","og_title":"Begeisterung beim Ferienschie\u00dfen der FSG K\u00f6sching &#187; Kgl. priv. FSG K\u00f6sching","og_description":"Das Ferienschie\u00dfen der Feuersch\u00fctzengesellschaft K\u00f6sching im Rahmen des K\u00f6schinger Ferienpasses fand wieder gro\u00dfen Anklang bei K\u00f6schings Nachwuchs.","og_url":"https:\/\/fsg-koesching.de\/?p=210","og_site_name":"Kgl. priv. FSG K\u00f6sching","article_published_time":"2019-03-08T14:22:02+00:00","article_modified_time":"2021-07-29T06:46:05+00:00","og_image":[{"url":"https:\/\/fsg-koesching.de\/wp-content\/uploads\/2019\/03\/Ferienschie\u00dfen1.png","type":"","width":"","height":""}],"author":"Gabriel Pendelin","twitter_card":"summary_large_image","twitter_misc":{"Verfasst von":"Gabriel Pendelin","Gesch\u00e4tzte Lesezeit":"2\u00a0Minuten"},"schema":{"@context":"https:\/\/schema.org","@graph":[{"@type":"Article","@id":"https:\/\/fsg-koesching.de\/?p=210#article","isPartOf":{"@id":"https:\/\/fsg-koesching.de\/?p=210"},"author":{"name":"Gabriel Pendelin","@id":"https:\/\/fsg-koesching.de\/#\/schema\/person\/6aa6b975f20780ab47048cc815c1ccc8"},"headline":"Begeisterung beim Ferienschie\u00dfen der FSG K\u00f6sching","datePublished":"2019-03-08T14:22:02+00:00","dateModified":"2021-07-29T06:46:05+00:00","mainEntityOfPage":{"@id":"https:\/\/fsg-koesching.de\/?p=210"},"wordCount":316,"publisher":{"@id":"https:\/\/fsg-koesching.de\/#organization"},"articleSection":["Jugend"],"inLanguage":"de"},{"@type":"WebPage","@id":"https:\/\/fsg-koesching.de\/?p=210","url":"https:\/\/fsg-koesching.de\/?p=210","name":"Begeisterung beim Ferienschie\u00dfen der FSG K\u00f6sching &#187; Kgl. priv. FSG K\u00f6sching","isPartOf":{"@id":"https:\/\/fsg-koesching.de\/#website"},"datePublished":"2019-03-08T14:22:02+00:00","dateModified":"2021-07-29T06:46:05+00:00","description":"Das Ferienschie\u00dfen der Feuersch\u00fctzengesellschaft K\u00f6sching im Rahmen des K\u00f6schinger Ferienpasses fand wieder gro\u00dfen Anklang bei K\u00f6schings Nachwuchs.","breadcrumb":{"@id":"https:\/\/fsg-koesching.de\/?p=210#breadcrumb"},"inLanguage":"de","potentialAction":[{"@type":"ReadAction","target":["https:\/\/fsg-koesching.de\/?p=210"]}]},{"@type":"BreadcrumbList","@id":"https:\/\/fsg-koesching.de\/?p=210#breadcrumb","itemListElement":[{"@type":"ListItem","position":1,"name":"Home","item":"https:\/\/fsg-koesching.de\/"},{"@type":"ListItem","position":2,"name":"Begeisterung beim Ferienschie\u00dfen der FSG K\u00f6sching"}]},{"@type":"WebSite","@id":"https:\/\/fsg-koesching.de\/#website","url":"https:\/\/fsg-koesching.de\/","name":"Kgl. priv. FSG K\u00f6sching","description":"gegr\u00fcndet 1553","publisher":{"@id":"https:\/\/fsg-koesching.de\/#organization"},"potentialAction":[{"@type":"SearchAction","target":{"@type":"EntryPoint","urlTemplate":"https:\/\/fsg-koesching.de\/?s={search_term_string}"},"query-input":{"@type":"PropertyValueSpecification","valueRequired":true,"valueName":"search_term_string"}}],"inLanguage":"de"},{"@type":"Organization","@id":"https:\/\/fsg-koesching.de\/#organization","name":"Kgl. priv. FSG K\u00f6sching","url":"https:\/\/fsg-koesching.de\/","logo":{"@type":"ImageObject","inLanguage":"de","@id":"https:\/\/fsg-koesching.de\/#\/schema\/logo\/image\/","url":"https:\/\/fsg-koesching.de\/wp-content\/uploads\/2018\/09\/FSG-LG-Logo-neu-aussen-trans.gif","contentUrl":"https:\/\/fsg-koesching.de\/wp-content\/uploads\/2018\/09\/FSG-LG-Logo-neu-aussen-trans.gif","width":830,"height":865,"caption":"Kgl. priv. FSG K\u00f6sching"},"image":{"@id":"https:\/\/fsg-koesching.de\/#\/schema\/logo\/image\/"}},{"@type":"Person","@id":"https:\/\/fsg-koesching.de\/#\/schema\/person\/6aa6b975f20780ab47048cc815c1ccc8","name":"Gabriel Pendelin","description":"Ich bin der Webmaster und Referent f\u00fcr IT. Zudem war ich selbst lange ein aktiver Wettkampf-Sch\u00fctze in LG 40 stehend.","url":"https:\/\/fsg-koesching.de\/?author=1"}]}},"_links":{"self":[{"href":"https:\/\/fsg-koesching.de\/index.php?rest_route=\/wp\/v2\/posts\/210","targetHints":{"allow":["GET"]}}],"collection":[{"href":"https:\/\/fsg-koesching.de\/index.php?rest_route=\/wp\/v2\/posts"}],"about":[{"href":"https:\/\/fsg-koesching.de\/index.php?rest_route=\/wp\/v2\/types\/post"}],"author":[{"embeddable":true,"href":"https:\/\/fsg-koesching.de\/index.php?rest_route=\/wp\/v2\/users\/1"}],"replies":[{"embeddable":true,"href":"https:\/\/fsg-koesching.de\/index.php?rest_route=%2Fwp%2Fv2%2Fcomments&post=210"}],"version-history":[{"count":19,"href":"https:\/\/fsg-koesching.de\/index.php?rest_route=\/wp\/v2\/posts\/210\/revisions"}],"predecessor-version":[{"id":855,"href":"https:\/\/fsg-koesching.de\/index.php?rest_route=\/wp\/v2\/posts\/210\/revisions\/855"}],"wp:attachment":[{"href":"https:\/\/fsg-koesching.de\/index.php?rest_route=%2Fwp%2Fv2%2Fmedia&parent=210"}],"wp:term":[{"taxonomy":"category","embeddable":true,"href":"https:\/\/fsg-koesching.de\/index.php?rest_route=%2Fwp%2Fv2%2Fcategories&post=210"},{"taxonomy":"post_tag","embeddable":true,"href":"https:\/\/fsg-koesching.de\/index.php?rest_route=%2Fwp%2Fv2%2Ftags&post=210"}],"curies":[{"name":"wp","href":"https:\/\/api.w.org\/{rel}","templated":true}]}}