{"id":3504,"date":"2026-04-17T19:11:50","date_gmt":"2026-04-17T18:11:50","guid":{"rendered":"https:\/\/fsg-koesching.de\/?p=3504"},"modified":"2026-04-17T19:11:56","modified_gmt":"2026-04-17T18:11:56","slug":"jahreshauptversammlung-mit-neuwahlen-vorstandschaft-ausschuss-der-fsg-koesching","status":"publish","type":"post","link":"https:\/\/fsg-koesching.de\/?p=3504","title":{"rendered":"Jahreshauptversammlung mit Neuwahlen Vorstandschaft &amp; Ausschuss der FSG K\u00f6sching"},"content":{"rendered":"\n<p>Bei der diesj\u00e4hrigen Jahreshauptversammlung wurde der Vorstand sowie der Ausschuss der Feuersch\u00fctzen neu gew\u00e4hlt bzw. in Ihrem Amt best\u00e4tigt. Im Namen der kompletten Vorstandschaft ein besonderer Dank an alle, die aus dem Ausschuss ausgeschieden sind f\u00fcr die langj\u00e4hrige Unterst\u00fctzung und die damit verbundenen M\u00fchen und zahlreichen Arbeitsstunden.<\/p>\n\n\n\n<p>Im Rahmen der Veranstaltung wurden ebenso zahlreiche Mitglieder f\u00fcr die langj\u00e4hrige Unterst\u00fctzung des Vereins und des Schie\u00dfsportes geehrt.<\/p>\n\n\n\n<p>Die aktuellen Ausschussmitglieder sind auch immer auf dieser Seite aufgelistet: <a href=\"https:\/\/fsg-koesching.de\/?page_id=3203\">Vorstand &amp; Ausschuss<\/a><\/p>\n\n\n\n<figure class=\"wp-block-image size-large is-resized\"><img loading=\"lazy\" decoding=\"async\" width=\"1024\" height=\"768\" src=\"https:\/\/fsg-koesching.de\/wp-content\/uploads\/2026\/04\/IMG_8313-1024x768.jpg\" alt=\"\" class=\"wp-image-3505\" style=\"width:1088px;height:auto\" srcset=\"https:\/\/fsg-koesching.de\/wp-content\/uploads\/2026\/04\/IMG_8313-1024x768.jpg 1024w, https:\/\/fsg-koesching.de\/wp-content\/uploads\/2026\/04\/IMG_8313-300x225.jpg 300w, https:\/\/fsg-koesching.de\/wp-content\/uploads\/2026\/04\/IMG_8313-768x576.jpg 768w, https:\/\/fsg-koesching.de\/wp-content\/uploads\/2026\/04\/IMG_8313-1536x1152.jpg 1536w, https:\/\/fsg-koesching.de\/wp-content\/uploads\/2026\/04\/IMG_8313-2048x1536.jpg 2048w, https:\/\/fsg-koesching.de\/wp-content\/uploads\/2026\/04\/IMG_8313-1200x900.jpg 1200w, https:\/\/fsg-koesching.de\/wp-content\/uploads\/2026\/04\/IMG_8313-1400x1050.jpg 1400w\" sizes=\"auto, (max-width: 1024px) 100vw, 1024px\" \/><figcaption class=\"wp-element-caption\">Der Vorstand &#8211; v.l.n.r.: \u00a0Albert Prauser (1.Schatzmeister), Rene Ziegler (1. Sportleiter), Yvonne Sch\u00f6nle-Leidel (Jugendleitung), Karl Sp\u00e4th (2. Sch\u00fctzenmeister), Philip Schade (1. Sch\u00fctzenmeister)<\/figcaption><\/figure>\n\n\n\n<p><\/p>\n\n\n\n<figure class=\"wp-block-image size-large is-resized\"><img loading=\"lazy\" decoding=\"async\" width=\"1024\" height=\"768\" src=\"https:\/\/fsg-koesching.de\/wp-content\/uploads\/2026\/04\/IMG_8266-1024x768.jpeg\" alt=\"\" class=\"wp-image-3506\" style=\"width:1080px;height:auto\" srcset=\"https:\/\/fsg-koesching.de\/wp-content\/uploads\/2026\/04\/IMG_8266-1024x768.jpeg 1024w, https:\/\/fsg-koesching.de\/wp-content\/uploads\/2026\/04\/IMG_8266-300x225.jpeg 300w, https:\/\/fsg-koesching.de\/wp-content\/uploads\/2026\/04\/IMG_8266-768x576.jpeg 768w, https:\/\/fsg-koesching.de\/wp-content\/uploads\/2026\/04\/IMG_8266-1536x1152.jpeg 1536w, https:\/\/fsg-koesching.de\/wp-content\/uploads\/2026\/04\/IMG_8266-2048x1536.jpeg 2048w, https:\/\/fsg-koesching.de\/wp-content\/uploads\/2026\/04\/IMG_8266-1200x900.jpeg 1200w, https:\/\/fsg-koesching.de\/wp-content\/uploads\/2026\/04\/IMG_8266-1400x1050.jpeg 1400w\" sizes=\"auto, (max-width: 1024px) 100vw, 1024px\" \/><figcaption class=\"wp-element-caption\">v.l.n.r. Philip Schade, Karl Sp\u00e4th, Franz Liepold, Wilhelm Rothbauer, Dieter Amann, Klaus Starbatty. (nicht auf dem Foto: Manfred Dollinger, Max Amberger, Helmut Lochner)<\/figcaption><\/figure>\n","protected":false},"excerpt":{"rendered":"<p>Bei der diesj\u00e4hrigen Jahreshauptversammlung wurde der Vorstand sowie der Ausschuss der Feuersch\u00fctzen neu gew\u00e4hlt bzw. in Ihrem Amt best\u00e4tigt. Im Namen der kompletten Vorstandschaft ein besonderer Dank an alle, die aus dem Ausschuss ausgeschieden sind f\u00fcr die langj\u00e4hrige Unterst\u00fctzung und die damit verbundenen M\u00fchen und zahlreichen Arbeitsstunden. Im Rahmen der Veranstaltung wurden ebenso zahlreiche Mitglieder &hellip;<\/p>\n","protected":false},"author":1,"featured_media":0,"comment_status":"closed","ping_status":"closed","sticky":false,"template":"","format":"standard","meta":{"footnotes":""},"categories":[4],"tags":[],"class_list":{"0":"post-3504","1":"post","2":"type-post","3":"status-publish","4":"format-standard","5":"hentry","6":"category-allgemeines","8":"without-featured-image"},"yoast_head":"<!-- This site is optimized with the Yoast SEO plugin v27.4 - https:\/\/yoast.com\/product\/yoast-seo-wordpress\/ -->\n<title>Jahreshauptversammlung mit Neuwahlen Vorstandschaft &amp; Ausschuss der FSG K\u00f6sching &#187; Kgl. priv. FSG K\u00f6sching<\/title>\n<meta name=\"robots\" content=\"index, follow, max-snippet:-1, max-image-preview:large, max-video-preview:-1\" \/>\n<link rel=\"canonical\" href=\"https:\/\/fsg-koesching.de\/?p=3504\" \/>\n<meta property=\"og:locale\" content=\"de_DE\" \/>\n<meta property=\"og:type\" content=\"article\" \/>\n<meta property=\"og:title\" content=\"Jahreshauptversammlung mit Neuwahlen Vorstandschaft &amp; Ausschuss der FSG K\u00f6sching &#187; Kgl. priv. FSG K\u00f6sching\" \/>\n<meta property=\"og:description\" content=\"Bei der diesj\u00e4hrigen Jahreshauptversammlung wurde der Vorstand sowie der Ausschuss der Feuersch\u00fctzen neu gew\u00e4hlt bzw. in Ihrem Amt best\u00e4tigt. Im Namen der kompletten Vorstandschaft ein besonderer Dank an alle, die aus dem Ausschuss ausgeschieden sind f\u00fcr die langj\u00e4hrige Unterst\u00fctzung und die damit verbundenen M\u00fchen und zahlreichen Arbeitsstunden. Im Rahmen der Veranstaltung wurden ebenso zahlreiche Mitglieder &hellip;\" \/>\n<meta property=\"og:url\" content=\"https:\/\/fsg-koesching.de\/?p=3504\" \/>\n<meta property=\"og:site_name\" content=\"Kgl. priv. FSG K\u00f6sching\" \/>\n<meta property=\"article:published_time\" content=\"2026-04-17T18:11:50+00:00\" \/>\n<meta property=\"article:modified_time\" content=\"2026-04-17T18:11:56+00:00\" \/>\n<meta property=\"og:image\" content=\"https:\/\/fsg-koesching.de\/wp-content\/uploads\/2026\/04\/IMG_8313-scaled.jpg\" \/>\n\t<meta property=\"og:image:width\" content=\"2560\" \/>\n\t<meta property=\"og:image:height\" content=\"1920\" \/>\n\t<meta property=\"og:image:type\" content=\"image\/jpeg\" \/>\n<meta name=\"author\" content=\"Gabriel Pendelin\" \/>\n<meta name=\"twitter:card\" content=\"summary_large_image\" \/>\n<meta name=\"twitter:label1\" content=\"Verfasst von\" \/>\n\t<meta name=\"twitter:data1\" content=\"Gabriel Pendelin\" \/>\n\t<meta name=\"twitter:label2\" content=\"Gesch\u00e4tzte Lesezeit\" \/>\n\t<meta name=\"twitter:data2\" content=\"2\u00a0Minuten\" \/>\n<script type=\"application\/ld+json\" class=\"yoast-schema-graph\">{\"@context\":\"https:\\\/\\\/schema.org\",\"@graph\":[{\"@type\":\"Article\",\"@id\":\"https:\\\/\\\/fsg-koesching.de\\\/?p=3504#article\",\"isPartOf\":{\"@id\":\"https:\\\/\\\/fsg-koesching.de\\\/?p=3504\"},\"author\":{\"name\":\"Gabriel Pendelin\",\"@id\":\"https:\\\/\\\/fsg-koesching.de\\\/#\\\/schema\\\/person\\\/6aa6b975f20780ab47048cc815c1ccc8\"},\"headline\":\"Jahreshauptversammlung mit Neuwahlen Vorstandschaft &amp; Ausschuss der FSG K\u00f6sching\",\"datePublished\":\"2026-04-17T18:11:50+00:00\",\"dateModified\":\"2026-04-17T18:11:56+00:00\",\"mainEntityOfPage\":{\"@id\":\"https:\\\/\\\/fsg-koesching.de\\\/?p=3504\"},\"wordCount\":153,\"publisher\":{\"@id\":\"https:\\\/\\\/fsg-koesching.de\\\/#organization\"},\"image\":{\"@id\":\"https:\\\/\\\/fsg-koesching.de\\\/?p=3504#primaryimage\"},\"thumbnailUrl\":\"https:\\\/\\\/fsg-koesching.de\\\/wp-content\\\/uploads\\\/2026\\\/04\\\/IMG_8313-1024x768.jpg\",\"articleSection\":[\"Allgemeines\"],\"inLanguage\":\"de\"},{\"@type\":\"WebPage\",\"@id\":\"https:\\\/\\\/fsg-koesching.de\\\/?p=3504\",\"url\":\"https:\\\/\\\/fsg-koesching.de\\\/?p=3504\",\"name\":\"Jahreshauptversammlung mit Neuwahlen Vorstandschaft &amp; Ausschuss der FSG K\u00f6sching &#187; Kgl. priv. FSG K\u00f6sching\",\"isPartOf\":{\"@id\":\"https:\\\/\\\/fsg-koesching.de\\\/#website\"},\"primaryImageOfPage\":{\"@id\":\"https:\\\/\\\/fsg-koesching.de\\\/?p=3504#primaryimage\"},\"image\":{\"@id\":\"https:\\\/\\\/fsg-koesching.de\\\/?p=3504#primaryimage\"},\"thumbnailUrl\":\"https:\\\/\\\/fsg-koesching.de\\\/wp-content\\\/uploads\\\/2026\\\/04\\\/IMG_8313-1024x768.jpg\",\"datePublished\":\"2026-04-17T18:11:50+00:00\",\"dateModified\":\"2026-04-17T18:11:56+00:00\",\"breadcrumb\":{\"@id\":\"https:\\\/\\\/fsg-koesching.de\\\/?p=3504#breadcrumb\"},\"inLanguage\":\"de\",\"potentialAction\":[{\"@type\":\"ReadAction\",\"target\":[\"https:\\\/\\\/fsg-koesching.de\\\/?p=3504\"]}]},{\"@type\":\"ImageObject\",\"inLanguage\":\"de\",\"@id\":\"https:\\\/\\\/fsg-koesching.de\\\/?p=3504#primaryimage\",\"url\":\"https:\\\/\\\/fsg-koesching.de\\\/wp-content\\\/uploads\\\/2026\\\/04\\\/IMG_8313-scaled.jpg\",\"contentUrl\":\"https:\\\/\\\/fsg-koesching.de\\\/wp-content\\\/uploads\\\/2026\\\/04\\\/IMG_8313-scaled.jpg\",\"width\":2560,\"height\":1920},{\"@type\":\"BreadcrumbList\",\"@id\":\"https:\\\/\\\/fsg-koesching.de\\\/?p=3504#breadcrumb\",\"itemListElement\":[{\"@type\":\"ListItem\",\"position\":1,\"name\":\"Home\",\"item\":\"https:\\\/\\\/fsg-koesching.de\\\/\"},{\"@type\":\"ListItem\",\"position\":2,\"name\":\"Jahreshauptversammlung mit Neuwahlen Vorstandschaft &amp; Ausschuss der FSG K\u00f6sching\"}]},{\"@type\":\"WebSite\",\"@id\":\"https:\\\/\\\/fsg-koesching.de\\\/#website\",\"url\":\"https:\\\/\\\/fsg-koesching.de\\\/\",\"name\":\"Kgl. priv. FSG K\u00f6sching\",\"description\":\"gegr\u00fcndet 1553\",\"publisher\":{\"@id\":\"https:\\\/\\\/fsg-koesching.de\\\/#organization\"},\"potentialAction\":[{\"@type\":\"SearchAction\",\"target\":{\"@type\":\"EntryPoint\",\"urlTemplate\":\"https:\\\/\\\/fsg-koesching.de\\\/?s={search_term_string}\"},\"query-input\":{\"@type\":\"PropertyValueSpecification\",\"valueRequired\":true,\"valueName\":\"search_term_string\"}}],\"inLanguage\":\"de\"},{\"@type\":\"Organization\",\"@id\":\"https:\\\/\\\/fsg-koesching.de\\\/#organization\",\"name\":\"Kgl. priv. FSG K\u00f6sching\",\"url\":\"https:\\\/\\\/fsg-koesching.de\\\/\",\"logo\":{\"@type\":\"ImageObject\",\"inLanguage\":\"de\",\"@id\":\"https:\\\/\\\/fsg-koesching.de\\\/#\\\/schema\\\/logo\\\/image\\\/\",\"url\":\"https:\\\/\\\/fsg-koesching.de\\\/wp-content\\\/uploads\\\/2018\\\/09\\\/FSG-LG-Logo-neu-aussen-trans.gif\",\"contentUrl\":\"https:\\\/\\\/fsg-koesching.de\\\/wp-content\\\/uploads\\\/2018\\\/09\\\/FSG-LG-Logo-neu-aussen-trans.gif\",\"width\":830,\"height\":865,\"caption\":\"Kgl. priv. FSG K\u00f6sching\"},\"image\":{\"@id\":\"https:\\\/\\\/fsg-koesching.de\\\/#\\\/schema\\\/logo\\\/image\\\/\"}},{\"@type\":\"Person\",\"@id\":\"https:\\\/\\\/fsg-koesching.de\\\/#\\\/schema\\\/person\\\/6aa6b975f20780ab47048cc815c1ccc8\",\"name\":\"Gabriel Pendelin\",\"description\":\"Ich bin der Webmaster und Referent f\u00fcr IT. Zudem war ich selbst lange ein aktiver Wettkampf-Sch\u00fctze in LG 40 stehend.\",\"url\":\"https:\\\/\\\/fsg-koesching.de\\\/?author=1\"}]}<\/script>\n<!-- \/ Yoast SEO plugin. -->","yoast_head_json":{"title":"Jahreshauptversammlung mit Neuwahlen Vorstandschaft &amp; Ausschuss der FSG K\u00f6sching &#187; Kgl. priv. FSG K\u00f6sching","robots":{"index":"index","follow":"follow","max-snippet":"max-snippet:-1","max-image-preview":"max-image-preview:large","max-video-preview":"max-video-preview:-1"},"canonical":"https:\/\/fsg-koesching.de\/?p=3504","og_locale":"de_DE","og_type":"article","og_title":"Jahreshauptversammlung mit Neuwahlen Vorstandschaft &amp; Ausschuss der FSG K\u00f6sching &#187; Kgl. priv. FSG K\u00f6sching","og_description":"Bei der diesj\u00e4hrigen Jahreshauptversammlung wurde der Vorstand sowie der Ausschuss der Feuersch\u00fctzen neu gew\u00e4hlt bzw. in Ihrem Amt best\u00e4tigt. Im Namen der kompletten Vorstandschaft ein besonderer Dank an alle, die aus dem Ausschuss ausgeschieden sind f\u00fcr die langj\u00e4hrige Unterst\u00fctzung und die damit verbundenen M\u00fchen und zahlreichen Arbeitsstunden. Im Rahmen der Veranstaltung wurden ebenso zahlreiche Mitglieder &hellip;","og_url":"https:\/\/fsg-koesching.de\/?p=3504","og_site_name":"Kgl. priv. FSG K\u00f6sching","article_published_time":"2026-04-17T18:11:50+00:00","article_modified_time":"2026-04-17T18:11:56+00:00","og_image":[{"width":2560,"height":1920,"url":"https:\/\/fsg-koesching.de\/wp-content\/uploads\/2026\/04\/IMG_8313-scaled.jpg","type":"image\/jpeg"}],"author":"Gabriel Pendelin","twitter_card":"summary_large_image","twitter_misc":{"Verfasst von":"Gabriel Pendelin","Gesch\u00e4tzte Lesezeit":"2\u00a0Minuten"},"schema":{"@context":"https:\/\/schema.org","@graph":[{"@type":"Article","@id":"https:\/\/fsg-koesching.de\/?p=3504#article","isPartOf":{"@id":"https:\/\/fsg-koesching.de\/?p=3504"},"author":{"name":"Gabriel Pendelin","@id":"https:\/\/fsg-koesching.de\/#\/schema\/person\/6aa6b975f20780ab47048cc815c1ccc8"},"headline":"Jahreshauptversammlung mit Neuwahlen Vorstandschaft &amp; Ausschuss der FSG K\u00f6sching","datePublished":"2026-04-17T18:11:50+00:00","dateModified":"2026-04-17T18:11:56+00:00","mainEntityOfPage":{"@id":"https:\/\/fsg-koesching.de\/?p=3504"},"wordCount":153,"publisher":{"@id":"https:\/\/fsg-koesching.de\/#organization"},"image":{"@id":"https:\/\/fsg-koesching.de\/?p=3504#primaryimage"},"thumbnailUrl":"https:\/\/fsg-koesching.de\/wp-content\/uploads\/2026\/04\/IMG_8313-1024x768.jpg","articleSection":["Allgemeines"],"inLanguage":"de"},{"@type":"WebPage","@id":"https:\/\/fsg-koesching.de\/?p=3504","url":"https:\/\/fsg-koesching.de\/?p=3504","name":"Jahreshauptversammlung mit Neuwahlen Vorstandschaft &amp; Ausschuss der FSG K\u00f6sching &#187; Kgl. priv. FSG K\u00f6sching","isPartOf":{"@id":"https:\/\/fsg-koesching.de\/#website"},"primaryImageOfPage":{"@id":"https:\/\/fsg-koesching.de\/?p=3504#primaryimage"},"image":{"@id":"https:\/\/fsg-koesching.de\/?p=3504#primaryimage"},"thumbnailUrl":"https:\/\/fsg-koesching.de\/wp-content\/uploads\/2026\/04\/IMG_8313-1024x768.jpg","datePublished":"2026-04-17T18:11:50+00:00","dateModified":"2026-04-17T18:11:56+00:00","breadcrumb":{"@id":"https:\/\/fsg-koesching.de\/?p=3504#breadcrumb"},"inLanguage":"de","potentialAction":[{"@type":"ReadAction","target":["https:\/\/fsg-koesching.de\/?p=3504"]}]},{"@type":"ImageObject","inLanguage":"de","@id":"https:\/\/fsg-koesching.de\/?p=3504#primaryimage","url":"https:\/\/fsg-koesching.de\/wp-content\/uploads\/2026\/04\/IMG_8313-scaled.jpg","contentUrl":"https:\/\/fsg-koesching.de\/wp-content\/uploads\/2026\/04\/IMG_8313-scaled.jpg","width":2560,"height":1920},{"@type":"BreadcrumbList","@id":"https:\/\/fsg-koesching.de\/?p=3504#breadcrumb","itemListElement":[{"@type":"ListItem","position":1,"name":"Home","item":"https:\/\/fsg-koesching.de\/"},{"@type":"ListItem","position":2,"name":"Jahreshauptversammlung mit Neuwahlen Vorstandschaft &amp; Ausschuss der FSG K\u00f6sching"}]},{"@type":"WebSite","@id":"https:\/\/fsg-koesching.de\/#website","url":"https:\/\/fsg-koesching.de\/","name":"Kgl. priv. FSG K\u00f6sching","description":"gegr\u00fcndet 1553","publisher":{"@id":"https:\/\/fsg-koesching.de\/#organization"},"potentialAction":[{"@type":"SearchAction","target":{"@type":"EntryPoint","urlTemplate":"https:\/\/fsg-koesching.de\/?s={search_term_string}"},"query-input":{"@type":"PropertyValueSpecification","valueRequired":true,"valueName":"search_term_string"}}],"inLanguage":"de"},{"@type":"Organization","@id":"https:\/\/fsg-koesching.de\/#organization","name":"Kgl. priv. FSG K\u00f6sching","url":"https:\/\/fsg-koesching.de\/","logo":{"@type":"ImageObject","inLanguage":"de","@id":"https:\/\/fsg-koesching.de\/#\/schema\/logo\/image\/","url":"https:\/\/fsg-koesching.de\/wp-content\/uploads\/2018\/09\/FSG-LG-Logo-neu-aussen-trans.gif","contentUrl":"https:\/\/fsg-koesching.de\/wp-content\/uploads\/2018\/09\/FSG-LG-Logo-neu-aussen-trans.gif","width":830,"height":865,"caption":"Kgl. priv. FSG K\u00f6sching"},"image":{"@id":"https:\/\/fsg-koesching.de\/#\/schema\/logo\/image\/"}},{"@type":"Person","@id":"https:\/\/fsg-koesching.de\/#\/schema\/person\/6aa6b975f20780ab47048cc815c1ccc8","name":"Gabriel Pendelin","description":"Ich bin der Webmaster und Referent f\u00fcr IT. Zudem war ich selbst lange ein aktiver Wettkampf-Sch\u00fctze in LG 40 stehend.","url":"https:\/\/fsg-koesching.de\/?author=1"}]}},"_links":{"self":[{"href":"https:\/\/fsg-koesching.de\/index.php?rest_route=\/wp\/v2\/posts\/3504","targetHints":{"allow":["GET"]}}],"collection":[{"href":"https:\/\/fsg-koesching.de\/index.php?rest_route=\/wp\/v2\/posts"}],"about":[{"href":"https:\/\/fsg-koesching.de\/index.php?rest_route=\/wp\/v2\/types\/post"}],"author":[{"embeddable":true,"href":"https:\/\/fsg-koesching.de\/index.php?rest_route=\/wp\/v2\/users\/1"}],"replies":[{"embeddable":true,"href":"https:\/\/fsg-koesching.de\/index.php?rest_route=%2Fwp%2Fv2%2Fcomments&post=3504"}],"version-history":[{"count":1,"href":"https:\/\/fsg-koesching.de\/index.php?rest_route=\/wp\/v2\/posts\/3504\/revisions"}],"predecessor-version":[{"id":3507,"href":"https:\/\/fsg-koesching.de\/index.php?rest_route=\/wp\/v2\/posts\/3504\/revisions\/3507"}],"wp:attachment":[{"href":"https:\/\/fsg-koesching.de\/index.php?rest_route=%2Fwp%2Fv2%2Fmedia&parent=3504"}],"wp:term":[{"taxonomy":"category","embeddable":true,"href":"https:\/\/fsg-koesching.de\/index.php?rest_route=%2Fwp%2Fv2%2Fcategories&post=3504"},{"taxonomy":"post_tag","embeddable":true,"href":"https:\/\/fsg-koesching.de\/index.php?rest_route=%2Fwp%2Fv2%2Ftags&post=3504"}],"curies":[{"name":"wp","href":"https:\/\/api.w.org\/{rel}","templated":true}]}}