{"id":657,"date":"2020-07-20T19:00:00","date_gmt":"2020-07-20T18:00:00","guid":{"rendered":"https:\/\/fsg-koesching.de\/?p=657"},"modified":"2021-05-16T13:47:02","modified_gmt":"2021-05-16T12:47:02","slug":"neue-jugendsprecher-der-koeschinger-feuerschuetzen","status":"publish","type":"post","link":"https:\/\/fsg-koesching.de\/?p=657","title":{"rendered":"Neue Jugendsprecher der K\u00f6schinger Feuersch\u00fctzen"},"content":{"rendered":"\n<p>Die Jugendgruppe der Feuersch\u00fctzengesellschaft K\u00f6sching hat bei der j\u00e4hrlichen Jugendversammlung ihre Jugendsprecher gew\u00e4hlt.<br>Das Amt bekleiden nun Xenia Mund, Joseph Seitz, Maximiliane Ertel und Gabriel Pendelin.<br>Die Aufgabe der Jugendsprecher besteht darin als Ansprechpartner f\u00fcr die weiteren Jugendlichen zu fungieren und als Vertretung der Jugendlichen im Verein die Ideen im Verein und bei den Ausschusssitzungen einzubringen.<\/p>\n\n\n\n<figure class=\"wp-block-image size-large\"><img loading=\"lazy\" decoding=\"async\" width=\"1024\" height=\"325\" src=\"https:\/\/fsg-koesching.de\/wp-content\/uploads\/2021\/05\/Jugendsprecher-FSG-Ko\u0308sching-1024x325.png\" alt=\"\" class=\"wp-image-658\" srcset=\"https:\/\/fsg-koesching.de\/wp-content\/uploads\/2021\/05\/Jugendsprecher-FSG-Ko\u0308sching-1024x325.png 1024w, https:\/\/fsg-koesching.de\/wp-content\/uploads\/2021\/05\/Jugendsprecher-FSG-Ko\u0308sching-300x95.png 300w, https:\/\/fsg-koesching.de\/wp-content\/uploads\/2021\/05\/Jugendsprecher-FSG-Ko\u0308sching-768x243.png 768w, https:\/\/fsg-koesching.de\/wp-content\/uploads\/2021\/05\/Jugendsprecher-FSG-Ko\u0308sching-1200x380.png 1200w, https:\/\/fsg-koesching.de\/wp-content\/uploads\/2021\/05\/Jugendsprecher-FSG-Ko\u0308sching-1400x444.png 1400w, https:\/\/fsg-koesching.de\/wp-content\/uploads\/2021\/05\/Jugendsprecher-FSG-Ko\u0308sching.png 1448w\" sizes=\"auto, (max-width: 1024px) 100vw, 1024px\" \/><figcaption>Jugendsprecher (v.l.) Maximiliane Ertel, Gabriel Pendelin, Joseph Seitz und Xenia Mund <br>zusammen mit den Jugendtrainern Stefan Kasper (links) und Florian Kasper (rechts).<\/figcaption><\/figure>\n","protected":false},"excerpt":{"rendered":"<p>Die Jugendgruppe der Feuersch\u00fctzengesellschaft K\u00f6sching hat bei der j\u00e4hrlichen Jugendversammlung ihre Jugendsprecher gew\u00e4hlt.Das Amt bekleiden nun Xenia Mund, Joseph Seitz, Maximiliane Ertel und Gabriel Pendelin.Die Aufgabe der Jugendsprecher besteht darin als Ansprechpartner f\u00fcr die weiteren Jugendlichen zu fungieren und als Vertretung der Jugendlichen im Verein die Ideen im Verein und bei den Ausschusssitzungen einzubringen.<\/p>\n","protected":false},"author":1,"featured_media":0,"comment_status":"closed","ping_status":"closed","sticky":false,"template":"","format":"standard","meta":{"footnotes":""},"categories":[5],"tags":[],"class_list":{"0":"post-657","1":"post","2":"type-post","3":"status-publish","4":"format-standard","5":"hentry","6":"category-jugend","8":"without-featured-image"},"yoast_head":"<!-- This site is optimized with the Yoast SEO plugin v27.4 - https:\/\/yoast.com\/product\/yoast-seo-wordpress\/ -->\n<title>Neue Jugendsprecher der K\u00f6schinger Feuersch\u00fctzen &#187; Kgl. priv. FSG K\u00f6sching<\/title>\n<meta name=\"robots\" content=\"index, follow, max-snippet:-1, max-image-preview:large, max-video-preview:-1\" \/>\n<link rel=\"canonical\" href=\"https:\/\/fsg-koesching.de\/?p=657\" \/>\n<meta property=\"og:locale\" content=\"de_DE\" \/>\n<meta property=\"og:type\" content=\"article\" \/>\n<meta property=\"og:title\" content=\"Neue Jugendsprecher der K\u00f6schinger Feuersch\u00fctzen &#187; Kgl. priv. FSG K\u00f6sching\" \/>\n<meta property=\"og:description\" content=\"Die Jugendgruppe der Feuersch\u00fctzengesellschaft K\u00f6sching hat bei der j\u00e4hrlichen Jugendversammlung ihre Jugendsprecher gew\u00e4hlt.Das Amt bekleiden nun Xenia Mund, Joseph Seitz, Maximiliane Ertel und Gabriel Pendelin.Die Aufgabe der Jugendsprecher besteht darin als Ansprechpartner f\u00fcr die weiteren Jugendlichen zu fungieren und als Vertretung der Jugendlichen im Verein die Ideen im Verein und bei den Ausschusssitzungen einzubringen.\" \/>\n<meta property=\"og:url\" content=\"https:\/\/fsg-koesching.de\/?p=657\" \/>\n<meta property=\"og:site_name\" content=\"Kgl. priv. FSG K\u00f6sching\" \/>\n<meta property=\"article:published_time\" content=\"2020-07-20T18:00:00+00:00\" \/>\n<meta property=\"article:modified_time\" content=\"2021-05-16T12:47:02+00:00\" \/>\n<meta property=\"og:image\" content=\"https:\/\/fsg-koesching.de\/wp-content\/uploads\/2021\/05\/Jugendsprecher-FSG-Ko\u0308sching-1024x325.png\" \/>\n<meta name=\"author\" content=\"Gabriel Pendelin\" \/>\n<meta name=\"twitter:card\" content=\"summary_large_image\" \/>\n<meta name=\"twitter:label1\" content=\"Verfasst von\" \/>\n\t<meta name=\"twitter:data1\" content=\"Gabriel Pendelin\" \/>\n\t<meta name=\"twitter:label2\" content=\"Gesch\u00e4tzte Lesezeit\" \/>\n\t<meta name=\"twitter:data2\" content=\"1\u00a0Minute\" \/>\n<script type=\"application\/ld+json\" class=\"yoast-schema-graph\">{\"@context\":\"https:\\\/\\\/schema.org\",\"@graph\":[{\"@type\":\"Article\",\"@id\":\"https:\\\/\\\/fsg-koesching.de\\\/?p=657#article\",\"isPartOf\":{\"@id\":\"https:\\\/\\\/fsg-koesching.de\\\/?p=657\"},\"author\":{\"name\":\"Gabriel Pendelin\",\"@id\":\"https:\\\/\\\/fsg-koesching.de\\\/#\\\/schema\\\/person\\\/6aa6b975f20780ab47048cc815c1ccc8\"},\"headline\":\"Neue Jugendsprecher der K\u00f6schinger Feuersch\u00fctzen\",\"datePublished\":\"2020-07-20T18:00:00+00:00\",\"dateModified\":\"2021-05-16T12:47:02+00:00\",\"mainEntityOfPage\":{\"@id\":\"https:\\\/\\\/fsg-koesching.de\\\/?p=657\"},\"wordCount\":91,\"publisher\":{\"@id\":\"https:\\\/\\\/fsg-koesching.de\\\/#organization\"},\"articleSection\":[\"Jugend\"],\"inLanguage\":\"de\"},{\"@type\":\"WebPage\",\"@id\":\"https:\\\/\\\/fsg-koesching.de\\\/?p=657\",\"url\":\"https:\\\/\\\/fsg-koesching.de\\\/?p=657\",\"name\":\"Neue Jugendsprecher der K\u00f6schinger Feuersch\u00fctzen &#187; Kgl. priv. FSG K\u00f6sching\",\"isPartOf\":{\"@id\":\"https:\\\/\\\/fsg-koesching.de\\\/#website\"},\"datePublished\":\"2020-07-20T18:00:00+00:00\",\"dateModified\":\"2021-05-16T12:47:02+00:00\",\"breadcrumb\":{\"@id\":\"https:\\\/\\\/fsg-koesching.de\\\/?p=657#breadcrumb\"},\"inLanguage\":\"de\",\"potentialAction\":[{\"@type\":\"ReadAction\",\"target\":[\"https:\\\/\\\/fsg-koesching.de\\\/?p=657\"]}]},{\"@type\":\"BreadcrumbList\",\"@id\":\"https:\\\/\\\/fsg-koesching.de\\\/?p=657#breadcrumb\",\"itemListElement\":[{\"@type\":\"ListItem\",\"position\":1,\"name\":\"Home\",\"item\":\"https:\\\/\\\/fsg-koesching.de\\\/\"},{\"@type\":\"ListItem\",\"position\":2,\"name\":\"Neue Jugendsprecher der K\u00f6schinger Feuersch\u00fctzen\"}]},{\"@type\":\"WebSite\",\"@id\":\"https:\\\/\\\/fsg-koesching.de\\\/#website\",\"url\":\"https:\\\/\\\/fsg-koesching.de\\\/\",\"name\":\"Kgl. priv. FSG K\u00f6sching\",\"description\":\"gegr\u00fcndet 1553\",\"publisher\":{\"@id\":\"https:\\\/\\\/fsg-koesching.de\\\/#organization\"},\"potentialAction\":[{\"@type\":\"SearchAction\",\"target\":{\"@type\":\"EntryPoint\",\"urlTemplate\":\"https:\\\/\\\/fsg-koesching.de\\\/?s={search_term_string}\"},\"query-input\":{\"@type\":\"PropertyValueSpecification\",\"valueRequired\":true,\"valueName\":\"search_term_string\"}}],\"inLanguage\":\"de\"},{\"@type\":\"Organization\",\"@id\":\"https:\\\/\\\/fsg-koesching.de\\\/#organization\",\"name\":\"Kgl. priv. FSG K\u00f6sching\",\"url\":\"https:\\\/\\\/fsg-koesching.de\\\/\",\"logo\":{\"@type\":\"ImageObject\",\"inLanguage\":\"de\",\"@id\":\"https:\\\/\\\/fsg-koesching.de\\\/#\\\/schema\\\/logo\\\/image\\\/\",\"url\":\"https:\\\/\\\/fsg-koesching.de\\\/wp-content\\\/uploads\\\/2018\\\/09\\\/FSG-LG-Logo-neu-aussen-trans.gif\",\"contentUrl\":\"https:\\\/\\\/fsg-koesching.de\\\/wp-content\\\/uploads\\\/2018\\\/09\\\/FSG-LG-Logo-neu-aussen-trans.gif\",\"width\":830,\"height\":865,\"caption\":\"Kgl. priv. FSG K\u00f6sching\"},\"image\":{\"@id\":\"https:\\\/\\\/fsg-koesching.de\\\/#\\\/schema\\\/logo\\\/image\\\/\"}},{\"@type\":\"Person\",\"@id\":\"https:\\\/\\\/fsg-koesching.de\\\/#\\\/schema\\\/person\\\/6aa6b975f20780ab47048cc815c1ccc8\",\"name\":\"Gabriel Pendelin\",\"description\":\"Ich bin der Webmaster und Referent f\u00fcr IT. Zudem war ich selbst lange ein aktiver Wettkampf-Sch\u00fctze in LG 40 stehend.\",\"url\":\"https:\\\/\\\/fsg-koesching.de\\\/?author=1\"}]}<\/script>\n<!-- \/ Yoast SEO plugin. -->","yoast_head_json":{"title":"Neue Jugendsprecher der K\u00f6schinger Feuersch\u00fctzen &#187; Kgl. priv. FSG K\u00f6sching","robots":{"index":"index","follow":"follow","max-snippet":"max-snippet:-1","max-image-preview":"max-image-preview:large","max-video-preview":"max-video-preview:-1"},"canonical":"https:\/\/fsg-koesching.de\/?p=657","og_locale":"de_DE","og_type":"article","og_title":"Neue Jugendsprecher der K\u00f6schinger Feuersch\u00fctzen &#187; Kgl. priv. FSG K\u00f6sching","og_description":"Die Jugendgruppe der Feuersch\u00fctzengesellschaft K\u00f6sching hat bei der j\u00e4hrlichen Jugendversammlung ihre Jugendsprecher gew\u00e4hlt.Das Amt bekleiden nun Xenia Mund, Joseph Seitz, Maximiliane Ertel und Gabriel Pendelin.Die Aufgabe der Jugendsprecher besteht darin als Ansprechpartner f\u00fcr die weiteren Jugendlichen zu fungieren und als Vertretung der Jugendlichen im Verein die Ideen im Verein und bei den Ausschusssitzungen einzubringen.","og_url":"https:\/\/fsg-koesching.de\/?p=657","og_site_name":"Kgl. priv. FSG K\u00f6sching","article_published_time":"2020-07-20T18:00:00+00:00","article_modified_time":"2021-05-16T12:47:02+00:00","og_image":[{"url":"https:\/\/fsg-koesching.de\/wp-content\/uploads\/2021\/05\/Jugendsprecher-FSG-Ko\u0308sching-1024x325.png","type":"","width":"","height":""}],"author":"Gabriel Pendelin","twitter_card":"summary_large_image","twitter_misc":{"Verfasst von":"Gabriel Pendelin","Gesch\u00e4tzte Lesezeit":"1\u00a0Minute"},"schema":{"@context":"https:\/\/schema.org","@graph":[{"@type":"Article","@id":"https:\/\/fsg-koesching.de\/?p=657#article","isPartOf":{"@id":"https:\/\/fsg-koesching.de\/?p=657"},"author":{"name":"Gabriel Pendelin","@id":"https:\/\/fsg-koesching.de\/#\/schema\/person\/6aa6b975f20780ab47048cc815c1ccc8"},"headline":"Neue Jugendsprecher der K\u00f6schinger Feuersch\u00fctzen","datePublished":"2020-07-20T18:00:00+00:00","dateModified":"2021-05-16T12:47:02+00:00","mainEntityOfPage":{"@id":"https:\/\/fsg-koesching.de\/?p=657"},"wordCount":91,"publisher":{"@id":"https:\/\/fsg-koesching.de\/#organization"},"articleSection":["Jugend"],"inLanguage":"de"},{"@type":"WebPage","@id":"https:\/\/fsg-koesching.de\/?p=657","url":"https:\/\/fsg-koesching.de\/?p=657","name":"Neue Jugendsprecher der K\u00f6schinger Feuersch\u00fctzen &#187; Kgl. priv. FSG K\u00f6sching","isPartOf":{"@id":"https:\/\/fsg-koesching.de\/#website"},"datePublished":"2020-07-20T18:00:00+00:00","dateModified":"2021-05-16T12:47:02+00:00","breadcrumb":{"@id":"https:\/\/fsg-koesching.de\/?p=657#breadcrumb"},"inLanguage":"de","potentialAction":[{"@type":"ReadAction","target":["https:\/\/fsg-koesching.de\/?p=657"]}]},{"@type":"BreadcrumbList","@id":"https:\/\/fsg-koesching.de\/?p=657#breadcrumb","itemListElement":[{"@type":"ListItem","position":1,"name":"Home","item":"https:\/\/fsg-koesching.de\/"},{"@type":"ListItem","position":2,"name":"Neue Jugendsprecher der K\u00f6schinger Feuersch\u00fctzen"}]},{"@type":"WebSite","@id":"https:\/\/fsg-koesching.de\/#website","url":"https:\/\/fsg-koesching.de\/","name":"Kgl. priv. FSG K\u00f6sching","description":"gegr\u00fcndet 1553","publisher":{"@id":"https:\/\/fsg-koesching.de\/#organization"},"potentialAction":[{"@type":"SearchAction","target":{"@type":"EntryPoint","urlTemplate":"https:\/\/fsg-koesching.de\/?s={search_term_string}"},"query-input":{"@type":"PropertyValueSpecification","valueRequired":true,"valueName":"search_term_string"}}],"inLanguage":"de"},{"@type":"Organization","@id":"https:\/\/fsg-koesching.de\/#organization","name":"Kgl. priv. FSG K\u00f6sching","url":"https:\/\/fsg-koesching.de\/","logo":{"@type":"ImageObject","inLanguage":"de","@id":"https:\/\/fsg-koesching.de\/#\/schema\/logo\/image\/","url":"https:\/\/fsg-koesching.de\/wp-content\/uploads\/2018\/09\/FSG-LG-Logo-neu-aussen-trans.gif","contentUrl":"https:\/\/fsg-koesching.de\/wp-content\/uploads\/2018\/09\/FSG-LG-Logo-neu-aussen-trans.gif","width":830,"height":865,"caption":"Kgl. priv. FSG K\u00f6sching"},"image":{"@id":"https:\/\/fsg-koesching.de\/#\/schema\/logo\/image\/"}},{"@type":"Person","@id":"https:\/\/fsg-koesching.de\/#\/schema\/person\/6aa6b975f20780ab47048cc815c1ccc8","name":"Gabriel Pendelin","description":"Ich bin der Webmaster und Referent f\u00fcr IT. Zudem war ich selbst lange ein aktiver Wettkampf-Sch\u00fctze in LG 40 stehend.","url":"https:\/\/fsg-koesching.de\/?author=1"}]}},"_links":{"self":[{"href":"https:\/\/fsg-koesching.de\/index.php?rest_route=\/wp\/v2\/posts\/657","targetHints":{"allow":["GET"]}}],"collection":[{"href":"https:\/\/fsg-koesching.de\/index.php?rest_route=\/wp\/v2\/posts"}],"about":[{"href":"https:\/\/fsg-koesching.de\/index.php?rest_route=\/wp\/v2\/types\/post"}],"author":[{"embeddable":true,"href":"https:\/\/fsg-koesching.de\/index.php?rest_route=\/wp\/v2\/users\/1"}],"replies":[{"embeddable":true,"href":"https:\/\/fsg-koesching.de\/index.php?rest_route=%2Fwp%2Fv2%2Fcomments&post=657"}],"version-history":[{"count":1,"href":"https:\/\/fsg-koesching.de\/index.php?rest_route=\/wp\/v2\/posts\/657\/revisions"}],"predecessor-version":[{"id":659,"href":"https:\/\/fsg-koesching.de\/index.php?rest_route=\/wp\/v2\/posts\/657\/revisions\/659"}],"wp:attachment":[{"href":"https:\/\/fsg-koesching.de\/index.php?rest_route=%2Fwp%2Fv2%2Fmedia&parent=657"}],"wp:term":[{"taxonomy":"category","embeddable":true,"href":"https:\/\/fsg-koesching.de\/index.php?rest_route=%2Fwp%2Fv2%2Fcategories&post=657"},{"taxonomy":"post_tag","embeddable":true,"href":"https:\/\/fsg-koesching.de\/index.php?rest_route=%2Fwp%2Fv2%2Ftags&post=657"}],"curies":[{"name":"wp","href":"https:\/\/api.w.org\/{rel}","templated":true}]}}