{"id":670,"date":"2020-07-20T15:03:00","date_gmt":"2020-07-20T14:03:00","guid":{"rendered":"https:\/\/fsg-koesching.de\/?p=670"},"modified":"2021-05-16T14:03:48","modified_gmt":"2021-05-16T13:03:48","slug":"auszeichnung-bei-hn-foerderpreis-fuer-koeschinger-schuetzennachwuchs","status":"publish","type":"post","link":"https:\/\/fsg-koesching.de\/?p=670","title":{"rendered":"Auszeichnung bei H&#038;N-F\u00f6rderpreis f\u00fcr K\u00f6schinger Sch\u00fctzennachwuchs"},"content":{"rendered":"\n<p>Die Jugendabteilung der Feuersch\u00fctzengesellschaft K\u00f6sching wurde beim deutschlandweit ausgeschriebenen H&amp;N-F\u00f6rderpreis des Deutschen Sch\u00fctzenbundes mit einer Auszeichnung als eine der sechs besten Jugendabteilungen geehrt.<\/p>\n\n\n\n<p>Mit der Bewerbung beim H&amp;N-F\u00f6rderpreis gab Jugendtrainer Stefan Kasper Einblick in den variantenreichen Trainingsablauf und die Talentf\u00f6rderung sowie das Engagement der Trainer bei der FSG K\u00f6sching. Ebenso wurden die sozialen Angebote, das breitensportliche Vereinsleben, die Werbeveranstaltungen und das \u00f6ffentliche Auftreten dargestellt.<\/p>\n\n\n\n<p>Im Fokus standen in der Bewertung neben den Trainingsangeboten und den sportlichen Erfolge der Jugendlichen auch die kreativen au\u00dfersportlichen Aktivit\u00e4ten in den Vereinen.<br>In der Mitteilung des Deutschen Sch\u00fctzenbundes wurden das eindrucksvolle Engagement sowie die gro\u00dfe Bereitschaft und Motivation f\u00fcr eine gelingende Jugendarbeit hervorgehoben.<\/p>\n\n\n\n<p>Vor allem die \u00fcber 40 Nachwuchssch\u00fctzen und die Trainer der FSG K\u00f6sching freuen sich \u00fcber die Auszeichnung. Das Preisgeld investiert die FSG K\u00f6sching direkt wieder in die Jugendarbeit und freut sich neben der aktuell stattfindenden Modernisierung des vereinseigenen Schie\u00dfstandes mit zahlreichen Ma\u00dfnahmen f\u00fcr die Nachwuchssch\u00fctzen \u00fcber die zus\u00e4tzlichen M\u00f6glichkeiten in der zuk\u00fcnftigen Jugendarbeit. Alle Interessierten der Region sind zum freit\u00e4glichen Jugendtraining der Feuersch\u00fctzen herzlich zu einem Schnuppertraining eingeladen.<\/p>\n\n\n\n<p><\/p>\n\n\n\n<figure class=\"wp-block-image size-large\"><img loading=\"lazy\" decoding=\"async\" width=\"1024\" height=\"512\" src=\"https:\/\/fsg-koesching.de\/wp-content\/uploads\/2021\/05\/FSG-Ko\u0308sching-HN-Fo\u0308rderpreis-1024x512.jpg\" alt=\"\" class=\"wp-image-671\" srcset=\"https:\/\/fsg-koesching.de\/wp-content\/uploads\/2021\/05\/FSG-Ko\u0308sching-HN-Fo\u0308rderpreis-1024x512.jpg 1024w, https:\/\/fsg-koesching.de\/wp-content\/uploads\/2021\/05\/FSG-Ko\u0308sching-HN-Fo\u0308rderpreis-300x150.jpg 300w, https:\/\/fsg-koesching.de\/wp-content\/uploads\/2021\/05\/FSG-Ko\u0308sching-HN-Fo\u0308rderpreis-768x384.jpg 768w, https:\/\/fsg-koesching.de\/wp-content\/uploads\/2021\/05\/FSG-Ko\u0308sching-HN-Fo\u0308rderpreis-1536x768.jpg 1536w, https:\/\/fsg-koesching.de\/wp-content\/uploads\/2021\/05\/FSG-Ko\u0308sching-HN-Fo\u0308rderpreis-1200x600.jpg 1200w, https:\/\/fsg-koesching.de\/wp-content\/uploads\/2021\/05\/FSG-Ko\u0308sching-HN-Fo\u0308rderpreis-1400x700.jpg 1400w, https:\/\/fsg-koesching.de\/wp-content\/uploads\/2021\/05\/FSG-Ko\u0308sching-HN-Fo\u0308rderpreis.jpg 1600w\" sizes=\"auto, (max-width: 1024px) 100vw, 1024px\" \/><\/figure>\n","protected":false},"excerpt":{"rendered":"<p>Die Jugendabteilung der Feuersch\u00fctzengesellschaft K\u00f6sching wurde beim deutschlandweit ausgeschriebenen H&amp;N-F\u00f6rderpreis des Deutschen Sch\u00fctzenbundes mit einer Auszeichnung als eine der sechs besten Jugendabteilungen geehrt. Mit der Bewerbung beim H&amp;N-F\u00f6rderpreis gab Jugendtrainer Stefan Kasper Einblick in den variantenreichen Trainingsablauf und die Talentf\u00f6rderung sowie das Engagement der Trainer bei der FSG K\u00f6sching. Ebenso wurden die sozialen Angebote, das &hellip;<\/p>\n","protected":false},"author":1,"featured_media":0,"comment_status":"closed","ping_status":"closed","sticky":false,"template":"","format":"standard","meta":{"footnotes":""},"categories":[5],"tags":[],"class_list":{"0":"post-670","1":"post","2":"type-post","3":"status-publish","4":"format-standard","5":"hentry","6":"category-jugend","8":"without-featured-image"},"yoast_head":"<!-- This site is optimized with the Yoast SEO plugin v27.4 - https:\/\/yoast.com\/product\/yoast-seo-wordpress\/ -->\n<title>Auszeichnung bei H&amp;N-F\u00f6rderpreis f\u00fcr K\u00f6schinger Sch\u00fctzennachwuchs &#187; Kgl. priv. FSG K\u00f6sching<\/title>\n<meta name=\"robots\" content=\"index, follow, max-snippet:-1, max-image-preview:large, max-video-preview:-1\" \/>\n<link rel=\"canonical\" href=\"https:\/\/fsg-koesching.de\/?p=670\" \/>\n<meta property=\"og:locale\" content=\"de_DE\" \/>\n<meta property=\"og:type\" content=\"article\" \/>\n<meta property=\"og:title\" content=\"Auszeichnung bei H&amp;N-F\u00f6rderpreis f\u00fcr K\u00f6schinger Sch\u00fctzennachwuchs &#187; Kgl. priv. FSG K\u00f6sching\" \/>\n<meta property=\"og:description\" content=\"Die Jugendabteilung der Feuersch\u00fctzengesellschaft K\u00f6sching wurde beim deutschlandweit ausgeschriebenen H&amp;N-F\u00f6rderpreis des Deutschen Sch\u00fctzenbundes mit einer Auszeichnung als eine der sechs besten Jugendabteilungen geehrt. Mit der Bewerbung beim H&amp;N-F\u00f6rderpreis gab Jugendtrainer Stefan Kasper Einblick in den variantenreichen Trainingsablauf und die Talentf\u00f6rderung sowie das Engagement der Trainer bei der FSG K\u00f6sching. Ebenso wurden die sozialen Angebote, das &hellip;\" \/>\n<meta property=\"og:url\" content=\"https:\/\/fsg-koesching.de\/?p=670\" \/>\n<meta property=\"og:site_name\" content=\"Kgl. priv. FSG K\u00f6sching\" \/>\n<meta property=\"article:published_time\" content=\"2020-07-20T14:03:00+00:00\" \/>\n<meta property=\"article:modified_time\" content=\"2021-05-16T13:03:48+00:00\" \/>\n<meta property=\"og:image\" content=\"https:\/\/fsg-koesching.de\/wp-content\/uploads\/2021\/05\/FSG-Ko\u0308sching-HN-Fo\u0308rderpreis-1024x512.jpg\" \/>\n<meta name=\"author\" content=\"Gabriel Pendelin\" \/>\n<meta name=\"twitter:card\" content=\"summary_large_image\" \/>\n<meta name=\"twitter:label1\" content=\"Verfasst von\" \/>\n\t<meta name=\"twitter:data1\" content=\"Gabriel Pendelin\" \/>\n\t<meta name=\"twitter:label2\" content=\"Gesch\u00e4tzte Lesezeit\" \/>\n\t<meta name=\"twitter:data2\" content=\"1\u00a0Minute\" \/>\n<script type=\"application\/ld+json\" class=\"yoast-schema-graph\">{\"@context\":\"https:\\\/\\\/schema.org\",\"@graph\":[{\"@type\":\"Article\",\"@id\":\"https:\\\/\\\/fsg-koesching.de\\\/?p=670#article\",\"isPartOf\":{\"@id\":\"https:\\\/\\\/fsg-koesching.de\\\/?p=670\"},\"author\":{\"name\":\"Gabriel Pendelin\",\"@id\":\"https:\\\/\\\/fsg-koesching.de\\\/#\\\/schema\\\/person\\\/6aa6b975f20780ab47048cc815c1ccc8\"},\"headline\":\"Auszeichnung bei H&#038;N-F\u00f6rderpreis f\u00fcr K\u00f6schinger Sch\u00fctzennachwuchs\",\"datePublished\":\"2020-07-20T14:03:00+00:00\",\"dateModified\":\"2021-05-16T13:03:48+00:00\",\"mainEntityOfPage\":{\"@id\":\"https:\\\/\\\/fsg-koesching.de\\\/?p=670\"},\"wordCount\":214,\"publisher\":{\"@id\":\"https:\\\/\\\/fsg-koesching.de\\\/#organization\"},\"articleSection\":[\"Jugend\"],\"inLanguage\":\"de\"},{\"@type\":\"WebPage\",\"@id\":\"https:\\\/\\\/fsg-koesching.de\\\/?p=670\",\"url\":\"https:\\\/\\\/fsg-koesching.de\\\/?p=670\",\"name\":\"Auszeichnung bei H&N-F\u00f6rderpreis f\u00fcr K\u00f6schinger Sch\u00fctzennachwuchs &#187; Kgl. priv. FSG K\u00f6sching\",\"isPartOf\":{\"@id\":\"https:\\\/\\\/fsg-koesching.de\\\/#website\"},\"datePublished\":\"2020-07-20T14:03:00+00:00\",\"dateModified\":\"2021-05-16T13:03:48+00:00\",\"breadcrumb\":{\"@id\":\"https:\\\/\\\/fsg-koesching.de\\\/?p=670#breadcrumb\"},\"inLanguage\":\"de\",\"potentialAction\":[{\"@type\":\"ReadAction\",\"target\":[\"https:\\\/\\\/fsg-koesching.de\\\/?p=670\"]}]},{\"@type\":\"BreadcrumbList\",\"@id\":\"https:\\\/\\\/fsg-koesching.de\\\/?p=670#breadcrumb\",\"itemListElement\":[{\"@type\":\"ListItem\",\"position\":1,\"name\":\"Home\",\"item\":\"https:\\\/\\\/fsg-koesching.de\\\/\"},{\"@type\":\"ListItem\",\"position\":2,\"name\":\"Auszeichnung bei H&#038;N-F\u00f6rderpreis f\u00fcr K\u00f6schinger Sch\u00fctzennachwuchs\"}]},{\"@type\":\"WebSite\",\"@id\":\"https:\\\/\\\/fsg-koesching.de\\\/#website\",\"url\":\"https:\\\/\\\/fsg-koesching.de\\\/\",\"name\":\"Kgl. priv. FSG K\u00f6sching\",\"description\":\"gegr\u00fcndet 1553\",\"publisher\":{\"@id\":\"https:\\\/\\\/fsg-koesching.de\\\/#organization\"},\"potentialAction\":[{\"@type\":\"SearchAction\",\"target\":{\"@type\":\"EntryPoint\",\"urlTemplate\":\"https:\\\/\\\/fsg-koesching.de\\\/?s={search_term_string}\"},\"query-input\":{\"@type\":\"PropertyValueSpecification\",\"valueRequired\":true,\"valueName\":\"search_term_string\"}}],\"inLanguage\":\"de\"},{\"@type\":\"Organization\",\"@id\":\"https:\\\/\\\/fsg-koesching.de\\\/#organization\",\"name\":\"Kgl. priv. FSG K\u00f6sching\",\"url\":\"https:\\\/\\\/fsg-koesching.de\\\/\",\"logo\":{\"@type\":\"ImageObject\",\"inLanguage\":\"de\",\"@id\":\"https:\\\/\\\/fsg-koesching.de\\\/#\\\/schema\\\/logo\\\/image\\\/\",\"url\":\"https:\\\/\\\/fsg-koesching.de\\\/wp-content\\\/uploads\\\/2018\\\/09\\\/FSG-LG-Logo-neu-aussen-trans.gif\",\"contentUrl\":\"https:\\\/\\\/fsg-koesching.de\\\/wp-content\\\/uploads\\\/2018\\\/09\\\/FSG-LG-Logo-neu-aussen-trans.gif\",\"width\":830,\"height\":865,\"caption\":\"Kgl. priv. FSG K\u00f6sching\"},\"image\":{\"@id\":\"https:\\\/\\\/fsg-koesching.de\\\/#\\\/schema\\\/logo\\\/image\\\/\"}},{\"@type\":\"Person\",\"@id\":\"https:\\\/\\\/fsg-koesching.de\\\/#\\\/schema\\\/person\\\/6aa6b975f20780ab47048cc815c1ccc8\",\"name\":\"Gabriel Pendelin\",\"description\":\"Ich bin der Webmaster und Referent f\u00fcr IT. Zudem war ich selbst lange ein aktiver Wettkampf-Sch\u00fctze in LG 40 stehend.\",\"url\":\"https:\\\/\\\/fsg-koesching.de\\\/?author=1\"}]}<\/script>\n<!-- \/ Yoast SEO plugin. -->","yoast_head_json":{"title":"Auszeichnung bei H&N-F\u00f6rderpreis f\u00fcr K\u00f6schinger Sch\u00fctzennachwuchs &#187; Kgl. priv. FSG K\u00f6sching","robots":{"index":"index","follow":"follow","max-snippet":"max-snippet:-1","max-image-preview":"max-image-preview:large","max-video-preview":"max-video-preview:-1"},"canonical":"https:\/\/fsg-koesching.de\/?p=670","og_locale":"de_DE","og_type":"article","og_title":"Auszeichnung bei H&N-F\u00f6rderpreis f\u00fcr K\u00f6schinger Sch\u00fctzennachwuchs &#187; Kgl. priv. FSG K\u00f6sching","og_description":"Die Jugendabteilung der Feuersch\u00fctzengesellschaft K\u00f6sching wurde beim deutschlandweit ausgeschriebenen H&amp;N-F\u00f6rderpreis des Deutschen Sch\u00fctzenbundes mit einer Auszeichnung als eine der sechs besten Jugendabteilungen geehrt. Mit der Bewerbung beim H&amp;N-F\u00f6rderpreis gab Jugendtrainer Stefan Kasper Einblick in den variantenreichen Trainingsablauf und die Talentf\u00f6rderung sowie das Engagement der Trainer bei der FSG K\u00f6sching. Ebenso wurden die sozialen Angebote, das &hellip;","og_url":"https:\/\/fsg-koesching.de\/?p=670","og_site_name":"Kgl. priv. FSG K\u00f6sching","article_published_time":"2020-07-20T14:03:00+00:00","article_modified_time":"2021-05-16T13:03:48+00:00","og_image":[{"url":"https:\/\/fsg-koesching.de\/wp-content\/uploads\/2021\/05\/FSG-Ko\u0308sching-HN-Fo\u0308rderpreis-1024x512.jpg","type":"","width":"","height":""}],"author":"Gabriel Pendelin","twitter_card":"summary_large_image","twitter_misc":{"Verfasst von":"Gabriel Pendelin","Gesch\u00e4tzte Lesezeit":"1\u00a0Minute"},"schema":{"@context":"https:\/\/schema.org","@graph":[{"@type":"Article","@id":"https:\/\/fsg-koesching.de\/?p=670#article","isPartOf":{"@id":"https:\/\/fsg-koesching.de\/?p=670"},"author":{"name":"Gabriel Pendelin","@id":"https:\/\/fsg-koesching.de\/#\/schema\/person\/6aa6b975f20780ab47048cc815c1ccc8"},"headline":"Auszeichnung bei H&#038;N-F\u00f6rderpreis f\u00fcr K\u00f6schinger Sch\u00fctzennachwuchs","datePublished":"2020-07-20T14:03:00+00:00","dateModified":"2021-05-16T13:03:48+00:00","mainEntityOfPage":{"@id":"https:\/\/fsg-koesching.de\/?p=670"},"wordCount":214,"publisher":{"@id":"https:\/\/fsg-koesching.de\/#organization"},"articleSection":["Jugend"],"inLanguage":"de"},{"@type":"WebPage","@id":"https:\/\/fsg-koesching.de\/?p=670","url":"https:\/\/fsg-koesching.de\/?p=670","name":"Auszeichnung bei H&N-F\u00f6rderpreis f\u00fcr K\u00f6schinger Sch\u00fctzennachwuchs &#187; Kgl. priv. FSG K\u00f6sching","isPartOf":{"@id":"https:\/\/fsg-koesching.de\/#website"},"datePublished":"2020-07-20T14:03:00+00:00","dateModified":"2021-05-16T13:03:48+00:00","breadcrumb":{"@id":"https:\/\/fsg-koesching.de\/?p=670#breadcrumb"},"inLanguage":"de","potentialAction":[{"@type":"ReadAction","target":["https:\/\/fsg-koesching.de\/?p=670"]}]},{"@type":"BreadcrumbList","@id":"https:\/\/fsg-koesching.de\/?p=670#breadcrumb","itemListElement":[{"@type":"ListItem","position":1,"name":"Home","item":"https:\/\/fsg-koesching.de\/"},{"@type":"ListItem","position":2,"name":"Auszeichnung bei H&#038;N-F\u00f6rderpreis f\u00fcr K\u00f6schinger Sch\u00fctzennachwuchs"}]},{"@type":"WebSite","@id":"https:\/\/fsg-koesching.de\/#website","url":"https:\/\/fsg-koesching.de\/","name":"Kgl. priv. FSG K\u00f6sching","description":"gegr\u00fcndet 1553","publisher":{"@id":"https:\/\/fsg-koesching.de\/#organization"},"potentialAction":[{"@type":"SearchAction","target":{"@type":"EntryPoint","urlTemplate":"https:\/\/fsg-koesching.de\/?s={search_term_string}"},"query-input":{"@type":"PropertyValueSpecification","valueRequired":true,"valueName":"search_term_string"}}],"inLanguage":"de"},{"@type":"Organization","@id":"https:\/\/fsg-koesching.de\/#organization","name":"Kgl. priv. FSG K\u00f6sching","url":"https:\/\/fsg-koesching.de\/","logo":{"@type":"ImageObject","inLanguage":"de","@id":"https:\/\/fsg-koesching.de\/#\/schema\/logo\/image\/","url":"https:\/\/fsg-koesching.de\/wp-content\/uploads\/2018\/09\/FSG-LG-Logo-neu-aussen-trans.gif","contentUrl":"https:\/\/fsg-koesching.de\/wp-content\/uploads\/2018\/09\/FSG-LG-Logo-neu-aussen-trans.gif","width":830,"height":865,"caption":"Kgl. priv. FSG K\u00f6sching"},"image":{"@id":"https:\/\/fsg-koesching.de\/#\/schema\/logo\/image\/"}},{"@type":"Person","@id":"https:\/\/fsg-koesching.de\/#\/schema\/person\/6aa6b975f20780ab47048cc815c1ccc8","name":"Gabriel Pendelin","description":"Ich bin der Webmaster und Referent f\u00fcr IT. Zudem war ich selbst lange ein aktiver Wettkampf-Sch\u00fctze in LG 40 stehend.","url":"https:\/\/fsg-koesching.de\/?author=1"}]}},"_links":{"self":[{"href":"https:\/\/fsg-koesching.de\/index.php?rest_route=\/wp\/v2\/posts\/670","targetHints":{"allow":["GET"]}}],"collection":[{"href":"https:\/\/fsg-koesching.de\/index.php?rest_route=\/wp\/v2\/posts"}],"about":[{"href":"https:\/\/fsg-koesching.de\/index.php?rest_route=\/wp\/v2\/types\/post"}],"author":[{"embeddable":true,"href":"https:\/\/fsg-koesching.de\/index.php?rest_route=\/wp\/v2\/users\/1"}],"replies":[{"embeddable":true,"href":"https:\/\/fsg-koesching.de\/index.php?rest_route=%2Fwp%2Fv2%2Fcomments&post=670"}],"version-history":[{"count":1,"href":"https:\/\/fsg-koesching.de\/index.php?rest_route=\/wp\/v2\/posts\/670\/revisions"}],"predecessor-version":[{"id":672,"href":"https:\/\/fsg-koesching.de\/index.php?rest_route=\/wp\/v2\/posts\/670\/revisions\/672"}],"wp:attachment":[{"href":"https:\/\/fsg-koesching.de\/index.php?rest_route=%2Fwp%2Fv2%2Fmedia&parent=670"}],"wp:term":[{"taxonomy":"category","embeddable":true,"href":"https:\/\/fsg-koesching.de\/index.php?rest_route=%2Fwp%2Fv2%2Fcategories&post=670"},{"taxonomy":"post_tag","embeddable":true,"href":"https:\/\/fsg-koesching.de\/index.php?rest_route=%2Fwp%2Fv2%2Ftags&post=670"}],"curies":[{"name":"wp","href":"https:\/\/api.w.org\/{rel}","templated":true}]}}