{"id":940,"date":"2021-04-01T16:02:00","date_gmt":"2021-04-01T15:02:00","guid":{"rendered":"https:\/\/fsg-koesching.de\/?p=940"},"modified":"2021-09-21T18:31:01","modified_gmt":"2021-09-21T17:31:01","slug":"solidaritaetskette-der-fsg-jugend","status":"publish","type":"post","link":"https:\/\/fsg-koesching.de\/?p=940","title":{"rendered":"Solidarit\u00e4tskette der FSG-Jugend"},"content":{"rendered":"\n<p>Die Sch\u00fctzenjugend der FSG K\u00f6sching beteiligt sich an einer Solidarit\u00e4tskette der Bayerischen Sch\u00fctzenjugend.<\/p>\n\n\n\n<p>Hierbei handelt es sich um bunt bemalte Steine am Wegesrand, welche in dieser au\u00dfergew\u00f6hnlichen Zeit ein Zeichen f\u00fcr mehr Solidarit\u00e4t und Zusammenhalt setzen.<\/p>\n\n\n\n<p>Die Jungsch\u00fctzen haben verschiedene Kunstwerke erstellt, von besonders farbenpr\u00e4chtigen Steinen \u00fcber motivierende Spr\u00fcche und verschiedene Motive des Sportschie\u00dfens bis hin zum Maskottchen Sch\u00fctzi.<\/p>\n\n\n\n<p>Aktuell zieren die Steine den Eingangsweg des Sch\u00fctzenvereins auf dem Weidhausberg. Sobald wieder Wettk\u00e4mpfe m\u00f6glich sind, werden die FSG-Steine die urspr\u00fcngliche Kette der Olympiaschie\u00dfanlage in M\u00fcnchen erweitern.<\/p>\n\n\n\n<figure class=\"wp-block-gallery columns-3 is-cropped wp-block-gallery-1 is-layout-flex wp-block-gallery-is-layout-flex\"><ul class=\"blocks-gallery-grid\"><li class=\"blocks-gallery-item\"><figure><img loading=\"lazy\" decoding=\"async\" width=\"1024\" height=\"768\" src=\"https:\/\/fsg-koesching.de\/wp-content\/uploads\/2021\/07\/Solidaritaetskette-1-3-1024x768.jpeg\" alt=\"\" data-id=\"942\" data-link=\"https:\/\/fsg-koesching.de\/?attachment_id=942\" class=\"wp-image-942\" srcset=\"https:\/\/fsg-koesching.de\/wp-content\/uploads\/2021\/07\/Solidaritaetskette-1-3-1024x768.jpeg 1024w, https:\/\/fsg-koesching.de\/wp-content\/uploads\/2021\/07\/Solidaritaetskette-1-3-300x225.jpeg 300w, https:\/\/fsg-koesching.de\/wp-content\/uploads\/2021\/07\/Solidaritaetskette-1-3-768x576.jpeg 768w, https:\/\/fsg-koesching.de\/wp-content\/uploads\/2021\/07\/Solidaritaetskette-1-3-1536x1152.jpeg 1536w, https:\/\/fsg-koesching.de\/wp-content\/uploads\/2021\/07\/Solidaritaetskette-1-3-2048x1536.jpeg 2048w, https:\/\/fsg-koesching.de\/wp-content\/uploads\/2021\/07\/Solidaritaetskette-1-3-1200x900.jpeg 1200w, https:\/\/fsg-koesching.de\/wp-content\/uploads\/2021\/07\/Solidaritaetskette-1-3-1400x1050.jpeg 1400w\" sizes=\"auto, (max-width: 1024px) 100vw, 1024px\" \/><\/figure><\/li><li class=\"blocks-gallery-item\"><figure><img loading=\"lazy\" decoding=\"async\" width=\"1024\" height=\"768\" src=\"https:\/\/fsg-koesching.de\/wp-content\/uploads\/2021\/07\/Solidaritaetskette-2-1-1024x768.jpeg\" alt=\"\" data-id=\"943\" data-link=\"https:\/\/fsg-koesching.de\/?attachment_id=943\" class=\"wp-image-943\" srcset=\"https:\/\/fsg-koesching.de\/wp-content\/uploads\/2021\/07\/Solidaritaetskette-2-1-1024x768.jpeg 1024w, https:\/\/fsg-koesching.de\/wp-content\/uploads\/2021\/07\/Solidaritaetskette-2-1-300x225.jpeg 300w, https:\/\/fsg-koesching.de\/wp-content\/uploads\/2021\/07\/Solidaritaetskette-2-1-768x576.jpeg 768w, https:\/\/fsg-koesching.de\/wp-content\/uploads\/2021\/07\/Solidaritaetskette-2-1-1536x1152.jpeg 1536w, https:\/\/fsg-koesching.de\/wp-content\/uploads\/2021\/07\/Solidaritaetskette-2-1-2048x1536.jpeg 2048w, https:\/\/fsg-koesching.de\/wp-content\/uploads\/2021\/07\/Solidaritaetskette-2-1-1200x900.jpeg 1200w, https:\/\/fsg-koesching.de\/wp-content\/uploads\/2021\/07\/Solidaritaetskette-2-1-1400x1050.jpeg 1400w\" sizes=\"auto, (max-width: 1024px) 100vw, 1024px\" \/><\/figure><\/li><li class=\"blocks-gallery-item\"><figure><img loading=\"lazy\" decoding=\"async\" width=\"1024\" height=\"768\" src=\"https:\/\/fsg-koesching.de\/wp-content\/uploads\/2021\/07\/IMG_6233-1024x768.jpeg\" alt=\"\" data-id=\"944\" data-link=\"https:\/\/fsg-koesching.de\/?attachment_id=944\" class=\"wp-image-944\" srcset=\"https:\/\/fsg-koesching.de\/wp-content\/uploads\/2021\/07\/IMG_6233-1024x768.jpeg 1024w, https:\/\/fsg-koesching.de\/wp-content\/uploads\/2021\/07\/IMG_6233-300x225.jpeg 300w, https:\/\/fsg-koesching.de\/wp-content\/uploads\/2021\/07\/IMG_6233-768x576.jpeg 768w, https:\/\/fsg-koesching.de\/wp-content\/uploads\/2021\/07\/IMG_6233-1536x1152.jpeg 1536w, https:\/\/fsg-koesching.de\/wp-content\/uploads\/2021\/07\/IMG_6233-2048x1536.jpeg 2048w, https:\/\/fsg-koesching.de\/wp-content\/uploads\/2021\/07\/IMG_6233-1200x900.jpeg 1200w, https:\/\/fsg-koesching.de\/wp-content\/uploads\/2021\/07\/IMG_6233-1400x1050.jpeg 1400w\" sizes=\"auto, (max-width: 1024px) 100vw, 1024px\" \/><\/figure><\/li><li class=\"blocks-gallery-item\"><figure><img loading=\"lazy\" decoding=\"async\" width=\"1024\" height=\"768\" src=\"https:\/\/fsg-koesching.de\/wp-content\/uploads\/2021\/07\/IMG_6237-1024x768.jpeg\" alt=\"\" data-id=\"945\" data-link=\"https:\/\/fsg-koesching.de\/?attachment_id=945\" class=\"wp-image-945\" srcset=\"https:\/\/fsg-koesching.de\/wp-content\/uploads\/2021\/07\/IMG_6237-1024x768.jpeg 1024w, https:\/\/fsg-koesching.de\/wp-content\/uploads\/2021\/07\/IMG_6237-300x225.jpeg 300w, https:\/\/fsg-koesching.de\/wp-content\/uploads\/2021\/07\/IMG_6237-768x576.jpeg 768w, https:\/\/fsg-koesching.de\/wp-content\/uploads\/2021\/07\/IMG_6237-1536x1152.jpeg 1536w, https:\/\/fsg-koesching.de\/wp-content\/uploads\/2021\/07\/IMG_6237-2048x1536.jpeg 2048w, https:\/\/fsg-koesching.de\/wp-content\/uploads\/2021\/07\/IMG_6237-1200x900.jpeg 1200w, https:\/\/fsg-koesching.de\/wp-content\/uploads\/2021\/07\/IMG_6237-1400x1050.jpeg 1400w\" sizes=\"auto, (max-width: 1024px) 100vw, 1024px\" \/><\/figure><\/li><li class=\"blocks-gallery-item\"><figure><img loading=\"lazy\" decoding=\"async\" width=\"1024\" height=\"768\" src=\"https:\/\/fsg-koesching.de\/wp-content\/uploads\/2021\/07\/IMG_6241-1024x768.jpeg\" alt=\"\" data-id=\"946\" data-link=\"https:\/\/fsg-koesching.de\/?attachment_id=946\" class=\"wp-image-946\" srcset=\"https:\/\/fsg-koesching.de\/wp-content\/uploads\/2021\/07\/IMG_6241-1024x768.jpeg 1024w, https:\/\/fsg-koesching.de\/wp-content\/uploads\/2021\/07\/IMG_6241-300x225.jpeg 300w, https:\/\/fsg-koesching.de\/wp-content\/uploads\/2021\/07\/IMG_6241-768x576.jpeg 768w, https:\/\/fsg-koesching.de\/wp-content\/uploads\/2021\/07\/IMG_6241-1536x1152.jpeg 1536w, https:\/\/fsg-koesching.de\/wp-content\/uploads\/2021\/07\/IMG_6241-2048x1536.jpeg 2048w, https:\/\/fsg-koesching.de\/wp-content\/uploads\/2021\/07\/IMG_6241-1200x900.jpeg 1200w, https:\/\/fsg-koesching.de\/wp-content\/uploads\/2021\/07\/IMG_6241-1400x1050.jpeg 1400w\" sizes=\"auto, (max-width: 1024px) 100vw, 1024px\" \/><\/figure><\/li><li class=\"blocks-gallery-item\"><figure><img loading=\"lazy\" decoding=\"async\" width=\"1024\" height=\"768\" src=\"https:\/\/fsg-koesching.de\/wp-content\/uploads\/2021\/07\/IMG_6247-1024x768.jpeg\" alt=\"\" data-id=\"947\" data-link=\"https:\/\/fsg-koesching.de\/?attachment_id=947\" class=\"wp-image-947\" srcset=\"https:\/\/fsg-koesching.de\/wp-content\/uploads\/2021\/07\/IMG_6247-1024x768.jpeg 1024w, https:\/\/fsg-koesching.de\/wp-content\/uploads\/2021\/07\/IMG_6247-300x225.jpeg 300w, https:\/\/fsg-koesching.de\/wp-content\/uploads\/2021\/07\/IMG_6247-768x576.jpeg 768w, https:\/\/fsg-koesching.de\/wp-content\/uploads\/2021\/07\/IMG_6247-1536x1152.jpeg 1536w, https:\/\/fsg-koesching.de\/wp-content\/uploads\/2021\/07\/IMG_6247-2048x1536.jpeg 2048w, https:\/\/fsg-koesching.de\/wp-content\/uploads\/2021\/07\/IMG_6247-1200x900.jpeg 1200w, https:\/\/fsg-koesching.de\/wp-content\/uploads\/2021\/07\/IMG_6247-1400x1050.jpeg 1400w\" sizes=\"auto, (max-width: 1024px) 100vw, 1024px\" \/><\/figure><\/li><li class=\"blocks-gallery-item\"><figure><img loading=\"lazy\" decoding=\"async\" width=\"1024\" height=\"512\" src=\"https:\/\/fsg-koesching.de\/wp-content\/uploads\/2021\/07\/TNDL2275-1024x512.jpeg\" alt=\"\" data-id=\"948\" data-link=\"https:\/\/fsg-koesching.de\/?attachment_id=948\" class=\"wp-image-948\" srcset=\"https:\/\/fsg-koesching.de\/wp-content\/uploads\/2021\/07\/TNDL2275-1024x512.jpeg 1024w, https:\/\/fsg-koesching.de\/wp-content\/uploads\/2021\/07\/TNDL2275-300x150.jpeg 300w, https:\/\/fsg-koesching.de\/wp-content\/uploads\/2021\/07\/TNDL2275-768x384.jpeg 768w, https:\/\/fsg-koesching.de\/wp-content\/uploads\/2021\/07\/TNDL2275-1536x768.jpeg 1536w, https:\/\/fsg-koesching.de\/wp-content\/uploads\/2021\/07\/TNDL2275-1200x600.jpeg 1200w, https:\/\/fsg-koesching.de\/wp-content\/uploads\/2021\/07\/TNDL2275-1400x700.jpeg 1400w, https:\/\/fsg-koesching.de\/wp-content\/uploads\/2021\/07\/TNDL2275.jpeg 1600w\" sizes=\"auto, (max-width: 1024px) 100vw, 1024px\" \/><\/figure><\/li><li class=\"blocks-gallery-item\"><figure><img loading=\"lazy\" decoding=\"async\" width=\"1024\" height=\"512\" src=\"https:\/\/fsg-koesching.de\/wp-content\/uploads\/2021\/07\/WINW9205-1024x512.jpeg\" alt=\"\" data-id=\"949\" data-full-url=\"https:\/\/fsg-koesching.de\/wp-content\/uploads\/2021\/07\/WINW9205.jpeg\" data-link=\"https:\/\/fsg-koesching.de\/?attachment_id=949\" class=\"wp-image-949\" srcset=\"https:\/\/fsg-koesching.de\/wp-content\/uploads\/2021\/07\/WINW9205-1024x512.jpeg 1024w, https:\/\/fsg-koesching.de\/wp-content\/uploads\/2021\/07\/WINW9205-300x150.jpeg 300w, https:\/\/fsg-koesching.de\/wp-content\/uploads\/2021\/07\/WINW9205-768x384.jpeg 768w, https:\/\/fsg-koesching.de\/wp-content\/uploads\/2021\/07\/WINW9205-1536x768.jpeg 1536w, https:\/\/fsg-koesching.de\/wp-content\/uploads\/2021\/07\/WINW9205-1200x600.jpeg 1200w, https:\/\/fsg-koesching.de\/wp-content\/uploads\/2021\/07\/WINW9205-1400x700.jpeg 1400w, https:\/\/fsg-koesching.de\/wp-content\/uploads\/2021\/07\/WINW9205.jpeg 1600w\" sizes=\"auto, (max-width: 1024px) 100vw, 1024px\" \/><\/figure><\/li><\/ul><\/figure>\n\n\n\n<figure class=\"wp-block-video\"><video height=\"1080\" style=\"aspect-ratio: 1920 \/ 1080;\" width=\"1920\" controls src=\"https:\/\/fsg-koesching.de\/wp-content\/uploads\/2021\/09\/Star-Pokale-Solidaritaetskette-der-Schuetzenjugend-Kopie.mp4\"><\/video><\/figure>\n\n\n\n<p><em>Video der Bayerischen Sch\u00fctzenjugend zur Solidarit\u00e4tskette<\/em><\/p>\n","protected":false},"excerpt":{"rendered":"<p>Die Sch\u00fctzenjugend der FSG K\u00f6sching beteiligt sich an einer Solidarit\u00e4tskette der Bayerischen Sch\u00fctzenjugend. Hierbei handelt es sich um bunt bemalte Steine am Wegesrand, welche in dieser au\u00dfergew\u00f6hnlichen Zeit ein Zeichen f\u00fcr mehr Solidarit\u00e4t und Zusammenhalt setzen. Die Jungsch\u00fctzen haben verschiedene Kunstwerke erstellt, von besonders farbenpr\u00e4chtigen Steinen \u00fcber motivierende Spr\u00fcche und verschiedene Motive des Sportschie\u00dfens bis &hellip;<\/p>\n","protected":false},"author":3,"featured_media":941,"comment_status":"closed","ping_status":"closed","sticky":false,"template":"","format":"standard","meta":{"footnotes":""},"categories":[4],"tags":[],"class_list":{"0":"post-940","1":"post","2":"type-post","3":"status-publish","4":"format-standard","5":"has-post-thumbnail","6":"hentry","7":"category-allgemeines","9":"with-featured-image"},"yoast_head":"<!-- This site is optimized with the Yoast SEO plugin v27.4 - https:\/\/yoast.com\/product\/yoast-seo-wordpress\/ -->\n<title>Solidarit\u00e4tskette der FSG-Jugend &#187; Kgl. priv. FSG K\u00f6sching<\/title>\n<meta name=\"robots\" content=\"index, follow, max-snippet:-1, max-image-preview:large, max-video-preview:-1\" \/>\n<link rel=\"canonical\" href=\"https:\/\/fsg-koesching.de\/?p=940\" \/>\n<meta property=\"og:locale\" content=\"de_DE\" \/>\n<meta property=\"og:type\" content=\"article\" \/>\n<meta property=\"og:title\" content=\"Solidarit\u00e4tskette der FSG-Jugend &#187; Kgl. priv. FSG K\u00f6sching\" \/>\n<meta property=\"og:description\" content=\"Die Sch\u00fctzenjugend der FSG K\u00f6sching beteiligt sich an einer Solidarit\u00e4tskette der Bayerischen Sch\u00fctzenjugend. Hierbei handelt es sich um bunt bemalte Steine am Wegesrand, welche in dieser au\u00dfergew\u00f6hnlichen Zeit ein Zeichen f\u00fcr mehr Solidarit\u00e4t und Zusammenhalt setzen. Die Jungsch\u00fctzen haben verschiedene Kunstwerke erstellt, von besonders farbenpr\u00e4chtigen Steinen \u00fcber motivierende Spr\u00fcche und verschiedene Motive des Sportschie\u00dfens bis &hellip;\" \/>\n<meta property=\"og:url\" content=\"https:\/\/fsg-koesching.de\/?p=940\" \/>\n<meta property=\"og:site_name\" content=\"Kgl. priv. FSG K\u00f6sching\" \/>\n<meta property=\"article:published_time\" content=\"2021-04-01T15:02:00+00:00\" \/>\n<meta property=\"article:modified_time\" content=\"2021-09-21T17:31:01+00:00\" \/>\n<meta property=\"og:image\" content=\"https:\/\/fsg-koesching.de\/wp-content\/uploads\/2021\/07\/Solidaritaetskette-1-1024x474.png\" \/>\n\t<meta property=\"og:image:width\" content=\"1024\" \/>\n\t<meta property=\"og:image:height\" content=\"474\" \/>\n\t<meta property=\"og:image:type\" content=\"image\/png\" \/>\n<meta name=\"author\" content=\"Jugendtrainer\" \/>\n<meta name=\"twitter:card\" content=\"summary_large_image\" \/>\n<meta name=\"twitter:label1\" content=\"Verfasst von\" \/>\n\t<meta name=\"twitter:data1\" content=\"Jugendtrainer\" \/>\n\t<meta name=\"twitter:label2\" content=\"Gesch\u00e4tzte Lesezeit\" \/>\n\t<meta name=\"twitter:data2\" content=\"3\u00a0Minuten\" \/>\n<script type=\"application\/ld+json\" class=\"yoast-schema-graph\">{\"@context\":\"https:\\\/\\\/schema.org\",\"@graph\":[{\"@type\":\"Article\",\"@id\":\"https:\\\/\\\/fsg-koesching.de\\\/?p=940#article\",\"isPartOf\":{\"@id\":\"https:\\\/\\\/fsg-koesching.de\\\/?p=940\"},\"author\":{\"name\":\"Jugendtrainer\",\"@id\":\"https:\\\/\\\/fsg-koesching.de\\\/#\\\/schema\\\/person\\\/fec5c0efd5af136f8cd6ef7a000cf1b7\"},\"headline\":\"Solidarit\u00e4tskette der FSG-Jugend\",\"datePublished\":\"2021-04-01T15:02:00+00:00\",\"dateModified\":\"2021-09-21T17:31:01+00:00\",\"mainEntityOfPage\":{\"@id\":\"https:\\\/\\\/fsg-koesching.de\\\/?p=940\"},\"wordCount\":117,\"publisher\":{\"@id\":\"https:\\\/\\\/fsg-koesching.de\\\/#organization\"},\"image\":{\"@id\":\"https:\\\/\\\/fsg-koesching.de\\\/?p=940#primaryimage\"},\"thumbnailUrl\":\"https:\\\/\\\/fsg-koesching.de\\\/wp-content\\\/uploads\\\/2021\\\/07\\\/Solidaritaetskette-1.png\",\"articleSection\":[\"Allgemeines\"],\"inLanguage\":\"de\"},{\"@type\":\"WebPage\",\"@id\":\"https:\\\/\\\/fsg-koesching.de\\\/?p=940\",\"url\":\"https:\\\/\\\/fsg-koesching.de\\\/?p=940\",\"name\":\"Solidarit\u00e4tskette der FSG-Jugend &#187; Kgl. priv. FSG K\u00f6sching\",\"isPartOf\":{\"@id\":\"https:\\\/\\\/fsg-koesching.de\\\/#website\"},\"primaryImageOfPage\":{\"@id\":\"https:\\\/\\\/fsg-koesching.de\\\/?p=940#primaryimage\"},\"image\":{\"@id\":\"https:\\\/\\\/fsg-koesching.de\\\/?p=940#primaryimage\"},\"thumbnailUrl\":\"https:\\\/\\\/fsg-koesching.de\\\/wp-content\\\/uploads\\\/2021\\\/07\\\/Solidaritaetskette-1.png\",\"datePublished\":\"2021-04-01T15:02:00+00:00\",\"dateModified\":\"2021-09-21T17:31:01+00:00\",\"breadcrumb\":{\"@id\":\"https:\\\/\\\/fsg-koesching.de\\\/?p=940#breadcrumb\"},\"inLanguage\":\"de\",\"potentialAction\":[{\"@type\":\"ReadAction\",\"target\":[\"https:\\\/\\\/fsg-koesching.de\\\/?p=940\"]}]},{\"@type\":\"ImageObject\",\"inLanguage\":\"de\",\"@id\":\"https:\\\/\\\/fsg-koesching.de\\\/?p=940#primaryimage\",\"url\":\"https:\\\/\\\/fsg-koesching.de\\\/wp-content\\\/uploads\\\/2021\\\/07\\\/Solidaritaetskette-1.png\",\"contentUrl\":\"https:\\\/\\\/fsg-koesching.de\\\/wp-content\\\/uploads\\\/2021\\\/07\\\/Solidaritaetskette-1.png\",\"width\":3160,\"height\":1462},{\"@type\":\"BreadcrumbList\",\"@id\":\"https:\\\/\\\/fsg-koesching.de\\\/?p=940#breadcrumb\",\"itemListElement\":[{\"@type\":\"ListItem\",\"position\":1,\"name\":\"Home\",\"item\":\"https:\\\/\\\/fsg-koesching.de\\\/\"},{\"@type\":\"ListItem\",\"position\":2,\"name\":\"Solidarit\u00e4tskette der FSG-Jugend\"}]},{\"@type\":\"WebSite\",\"@id\":\"https:\\\/\\\/fsg-koesching.de\\\/#website\",\"url\":\"https:\\\/\\\/fsg-koesching.de\\\/\",\"name\":\"Kgl. priv. FSG K\u00f6sching\",\"description\":\"gegr\u00fcndet 1553\",\"publisher\":{\"@id\":\"https:\\\/\\\/fsg-koesching.de\\\/#organization\"},\"potentialAction\":[{\"@type\":\"SearchAction\",\"target\":{\"@type\":\"EntryPoint\",\"urlTemplate\":\"https:\\\/\\\/fsg-koesching.de\\\/?s={search_term_string}\"},\"query-input\":{\"@type\":\"PropertyValueSpecification\",\"valueRequired\":true,\"valueName\":\"search_term_string\"}}],\"inLanguage\":\"de\"},{\"@type\":\"Organization\",\"@id\":\"https:\\\/\\\/fsg-koesching.de\\\/#organization\",\"name\":\"Kgl. priv. FSG K\u00f6sching\",\"url\":\"https:\\\/\\\/fsg-koesching.de\\\/\",\"logo\":{\"@type\":\"ImageObject\",\"inLanguage\":\"de\",\"@id\":\"https:\\\/\\\/fsg-koesching.de\\\/#\\\/schema\\\/logo\\\/image\\\/\",\"url\":\"https:\\\/\\\/fsg-koesching.de\\\/wp-content\\\/uploads\\\/2018\\\/09\\\/FSG-LG-Logo-neu-aussen-trans.gif\",\"contentUrl\":\"https:\\\/\\\/fsg-koesching.de\\\/wp-content\\\/uploads\\\/2018\\\/09\\\/FSG-LG-Logo-neu-aussen-trans.gif\",\"width\":830,\"height\":865,\"caption\":\"Kgl. priv. FSG K\u00f6sching\"},\"image\":{\"@id\":\"https:\\\/\\\/fsg-koesching.de\\\/#\\\/schema\\\/logo\\\/image\\\/\"}},{\"@type\":\"Person\",\"@id\":\"https:\\\/\\\/fsg-koesching.de\\\/#\\\/schema\\\/person\\\/fec5c0efd5af136f8cd6ef7a000cf1b7\",\"name\":\"Jugendtrainer\",\"description\":\"Wir sind die Jugendtrainer.\",\"url\":\"https:\\\/\\\/fsg-koesching.de\\\/?author=3\"}]}<\/script>\n<!-- \/ Yoast SEO plugin. -->","yoast_head_json":{"title":"Solidarit\u00e4tskette der FSG-Jugend &#187; Kgl. priv. FSG K\u00f6sching","robots":{"index":"index","follow":"follow","max-snippet":"max-snippet:-1","max-image-preview":"max-image-preview:large","max-video-preview":"max-video-preview:-1"},"canonical":"https:\/\/fsg-koesching.de\/?p=940","og_locale":"de_DE","og_type":"article","og_title":"Solidarit\u00e4tskette der FSG-Jugend &#187; Kgl. priv. FSG K\u00f6sching","og_description":"Die Sch\u00fctzenjugend der FSG K\u00f6sching beteiligt sich an einer Solidarit\u00e4tskette der Bayerischen Sch\u00fctzenjugend. Hierbei handelt es sich um bunt bemalte Steine am Wegesrand, welche in dieser au\u00dfergew\u00f6hnlichen Zeit ein Zeichen f\u00fcr mehr Solidarit\u00e4t und Zusammenhalt setzen. Die Jungsch\u00fctzen haben verschiedene Kunstwerke erstellt, von besonders farbenpr\u00e4chtigen Steinen \u00fcber motivierende Spr\u00fcche und verschiedene Motive des Sportschie\u00dfens bis &hellip;","og_url":"https:\/\/fsg-koesching.de\/?p=940","og_site_name":"Kgl. priv. FSG K\u00f6sching","article_published_time":"2021-04-01T15:02:00+00:00","article_modified_time":"2021-09-21T17:31:01+00:00","og_image":[{"width":1024,"height":474,"url":"https:\/\/fsg-koesching.de\/wp-content\/uploads\/2021\/07\/Solidaritaetskette-1-1024x474.png","type":"image\/png"}],"author":"Jugendtrainer","twitter_card":"summary_large_image","twitter_misc":{"Verfasst von":"Jugendtrainer","Gesch\u00e4tzte Lesezeit":"3\u00a0Minuten"},"schema":{"@context":"https:\/\/schema.org","@graph":[{"@type":"Article","@id":"https:\/\/fsg-koesching.de\/?p=940#article","isPartOf":{"@id":"https:\/\/fsg-koesching.de\/?p=940"},"author":{"name":"Jugendtrainer","@id":"https:\/\/fsg-koesching.de\/#\/schema\/person\/fec5c0efd5af136f8cd6ef7a000cf1b7"},"headline":"Solidarit\u00e4tskette der FSG-Jugend","datePublished":"2021-04-01T15:02:00+00:00","dateModified":"2021-09-21T17:31:01+00:00","mainEntityOfPage":{"@id":"https:\/\/fsg-koesching.de\/?p=940"},"wordCount":117,"publisher":{"@id":"https:\/\/fsg-koesching.de\/#organization"},"image":{"@id":"https:\/\/fsg-koesching.de\/?p=940#primaryimage"},"thumbnailUrl":"https:\/\/fsg-koesching.de\/wp-content\/uploads\/2021\/07\/Solidaritaetskette-1.png","articleSection":["Allgemeines"],"inLanguage":"de"},{"@type":"WebPage","@id":"https:\/\/fsg-koesching.de\/?p=940","url":"https:\/\/fsg-koesching.de\/?p=940","name":"Solidarit\u00e4tskette der FSG-Jugend &#187; Kgl. priv. FSG K\u00f6sching","isPartOf":{"@id":"https:\/\/fsg-koesching.de\/#website"},"primaryImageOfPage":{"@id":"https:\/\/fsg-koesching.de\/?p=940#primaryimage"},"image":{"@id":"https:\/\/fsg-koesching.de\/?p=940#primaryimage"},"thumbnailUrl":"https:\/\/fsg-koesching.de\/wp-content\/uploads\/2021\/07\/Solidaritaetskette-1.png","datePublished":"2021-04-01T15:02:00+00:00","dateModified":"2021-09-21T17:31:01+00:00","breadcrumb":{"@id":"https:\/\/fsg-koesching.de\/?p=940#breadcrumb"},"inLanguage":"de","potentialAction":[{"@type":"ReadAction","target":["https:\/\/fsg-koesching.de\/?p=940"]}]},{"@type":"ImageObject","inLanguage":"de","@id":"https:\/\/fsg-koesching.de\/?p=940#primaryimage","url":"https:\/\/fsg-koesching.de\/wp-content\/uploads\/2021\/07\/Solidaritaetskette-1.png","contentUrl":"https:\/\/fsg-koesching.de\/wp-content\/uploads\/2021\/07\/Solidaritaetskette-1.png","width":3160,"height":1462},{"@type":"BreadcrumbList","@id":"https:\/\/fsg-koesching.de\/?p=940#breadcrumb","itemListElement":[{"@type":"ListItem","position":1,"name":"Home","item":"https:\/\/fsg-koesching.de\/"},{"@type":"ListItem","position":2,"name":"Solidarit\u00e4tskette der FSG-Jugend"}]},{"@type":"WebSite","@id":"https:\/\/fsg-koesching.de\/#website","url":"https:\/\/fsg-koesching.de\/","name":"Kgl. priv. FSG K\u00f6sching","description":"gegr\u00fcndet 1553","publisher":{"@id":"https:\/\/fsg-koesching.de\/#organization"},"potentialAction":[{"@type":"SearchAction","target":{"@type":"EntryPoint","urlTemplate":"https:\/\/fsg-koesching.de\/?s={search_term_string}"},"query-input":{"@type":"PropertyValueSpecification","valueRequired":true,"valueName":"search_term_string"}}],"inLanguage":"de"},{"@type":"Organization","@id":"https:\/\/fsg-koesching.de\/#organization","name":"Kgl. priv. FSG K\u00f6sching","url":"https:\/\/fsg-koesching.de\/","logo":{"@type":"ImageObject","inLanguage":"de","@id":"https:\/\/fsg-koesching.de\/#\/schema\/logo\/image\/","url":"https:\/\/fsg-koesching.de\/wp-content\/uploads\/2018\/09\/FSG-LG-Logo-neu-aussen-trans.gif","contentUrl":"https:\/\/fsg-koesching.de\/wp-content\/uploads\/2018\/09\/FSG-LG-Logo-neu-aussen-trans.gif","width":830,"height":865,"caption":"Kgl. priv. FSG K\u00f6sching"},"image":{"@id":"https:\/\/fsg-koesching.de\/#\/schema\/logo\/image\/"}},{"@type":"Person","@id":"https:\/\/fsg-koesching.de\/#\/schema\/person\/fec5c0efd5af136f8cd6ef7a000cf1b7","name":"Jugendtrainer","description":"Wir sind die Jugendtrainer.","url":"https:\/\/fsg-koesching.de\/?author=3"}]}},"_links":{"self":[{"href":"https:\/\/fsg-koesching.de\/index.php?rest_route=\/wp\/v2\/posts\/940","targetHints":{"allow":["GET"]}}],"collection":[{"href":"https:\/\/fsg-koesching.de\/index.php?rest_route=\/wp\/v2\/posts"}],"about":[{"href":"https:\/\/fsg-koesching.de\/index.php?rest_route=\/wp\/v2\/types\/post"}],"author":[{"embeddable":true,"href":"https:\/\/fsg-koesching.de\/index.php?rest_route=\/wp\/v2\/users\/3"}],"replies":[{"embeddable":true,"href":"https:\/\/fsg-koesching.de\/index.php?rest_route=%2Fwp%2Fv2%2Fcomments&post=940"}],"version-history":[{"count":2,"href":"https:\/\/fsg-koesching.de\/index.php?rest_route=\/wp\/v2\/posts\/940\/revisions"}],"predecessor-version":[{"id":1355,"href":"https:\/\/fsg-koesching.de\/index.php?rest_route=\/wp\/v2\/posts\/940\/revisions\/1355"}],"wp:featuredmedia":[{"embeddable":true,"href":"https:\/\/fsg-koesching.de\/index.php?rest_route=\/wp\/v2\/media\/941"}],"wp:attachment":[{"href":"https:\/\/fsg-koesching.de\/index.php?rest_route=%2Fwp%2Fv2%2Fmedia&parent=940"}],"wp:term":[{"taxonomy":"category","embeddable":true,"href":"https:\/\/fsg-koesching.de\/index.php?rest_route=%2Fwp%2Fv2%2Fcategories&post=940"},{"taxonomy":"post_tag","embeddable":true,"href":"https:\/\/fsg-koesching.de\/index.php?rest_route=%2Fwp%2Fv2%2Ftags&post=940"}],"curies":[{"name":"wp","href":"https:\/\/api.w.org\/{rel}","templated":true}]}}